{"id":963,"date":"2022-09-06T23:21:37","date_gmt":"2022-09-06T23:21:37","guid":{"rendered":"https:\/\/orthodoxs.org\/?p=963"},"modified":"2022-09-06T23:21:39","modified_gmt":"2022-09-06T23:21:39","slug":"peregrinacion-al-monasterio-de-la-asuncion-en-thassos","status":"publish","type":"post","link":"https:\/\/orthodoxs.org\/?p=963","title":{"rendered":"Peregrinaci\u00f3n al Monasterio de la Asunci\u00f3n en Thassos"},"content":{"rendered":"<p>En la tarde del domingo 4 de septiembre de 2022, el Patriarca Ecum\u00e9nico Bartolom\u00e9 y Epifan\u00edo Metropolitana de Kyiv y Toda Ucrania, junto con los obispos y el clero, realizaron una peregrinaci\u00f3n al Monasterio de la Asunci\u00f3n el Padre. Tasos<\/p>\n<p>Desde un principio, el monasterio estuvo dedicado a la Natividad de la Sant\u00edsima Madre de Dios, pero en relaci\u00f3n con la cantidad de iglesias que ya ten\u00edan tal advocaci\u00f3n, posteriormente se le cambi\u00f3 el nombre.\u00a0Sin embargo, la iglesia del monasterio, construida a principios del siglo XIX, ha conservado su nombre y pronto tendr\u00e1 una fiesta real.<\/p>\n<p>Los peregrinos cantaron un tropario a la Madre de Dios y honraron los santuarios del templo.\u00a0A continuaci\u00f3n, el jerarca gobernante, el metropolita Esteban de Filipos, N\u00e1poles y Tasos, se dirigi\u00f3 al patriarca Bartolom\u00e9 ya todos los presentes con saludos, agradeciendo a Su Santidad la visita.<\/p>\n<p>El metropolitano Panteleimon de Xanthi, que sol\u00eda trabajar en este monasterio como monje, cont\u00f3 sobre su historia, sobre el templo y sus pinturas. Vladyka se dirigi\u00f3 a Su Beatitud Epifan\u00edo Metropolitano con palabras de felicitaci\u00f3n y le dese\u00f3 a \u00e9l y a todo el piadoso pueblo ucraniano pasar con \u00e9xito las pruebas de guerra que actualmente vive Ucrania a manos de los agresores rusos, para que terminen con la victoria de la verdad y una paz justa.<\/p>\n<p>Al final de la peregrinaci\u00f3n, sus participantes cantaron &#8220;Luz Silenciosa&#8230;&#8221; &#8211; un himno en honor a Cristo del servicio vespertino.<\/p>\n<p>Posteriormente, el patriarca Bartolom\u00e9, el metropolita Epifanio y otros llegaron a la localidad de Limenaria, en el sur de la isla de Tasos, donde se llev\u00f3 a cabo una ceremonia solemne para dar nombre a la calle en honor al patriarca ecum\u00e9nico.\u00a0El jefe de gobierno local felicit\u00f3 a Su Santidad y anunci\u00f3 la decisi\u00f3n un\u00e1nime del cabildo de denominar una de las calles de la ciudad &#8220;Calle del Patriarca Ecum\u00e9nico Bartolom\u00e9&#8221; en memoria de la presente visita.<\/p>\n<p>En su discurso de agradecimiento, Su Santidad expres\u00f3 su emoci\u00f3n por la decisi\u00f3n del cabildo y destac\u00f3 la importancia de preservar los lazos espirituales y culturales, y la memoria hist\u00f3rica de la poblaci\u00f3n griega de la costa e islas.<\/p>\n<p>Este fue el final del agitado segundo d\u00eda de la visita.<\/p>\n\n<div class=\"wp-block-image\">\n<figure class=\"aligncenter size-large\"><img decoding=\"async\" src=\"https:\/\/www.pomisna.info\/wp-content\/uploads\/2022\/09\/dsc_3429.jpg\" alt=\"\"\/><\/figure>\n<\/div>\n\n<div class=\"wp-block-image\">\n<figure class=\"aligncenter size-large\"><img decoding=\"async\" src=\"https:\/\/www.pomisna.info\/wp-content\/uploads\/2022\/09\/dsc_3430.jpg\" alt=\"\"\/><\/figure>\n<\/div>\n\n<div class=\"wp-block-image\">\n<figure class=\"aligncenter size-large\"><img decoding=\"async\" src=\"https:\/\/www.pomisna.info\/wp-content\/uploads\/2022\/09\/dsc_3431.jpg\" alt=\"\"\/><\/figure>\n<\/div>\n\n<div class=\"wp-block-image\">\n<figure class=\"aligncenter size-large\"><img decoding=\"async\" src=\"https:\/\/www.pomisna.info\/wp-content\/uploads\/2022\/09\/dsc_3433.jpg\" alt=\"\"\/><\/figure>\n<\/div>\n\n<div class=\"wp-block-image\">\n<figure class=\"aligncenter size-large\"><img decoding=\"async\" src=\"https:\/\/www.pomisna.info\/wp-content\/uploads\/2022\/09\/dsc_3447.jpg\" alt=\"\"\/><\/figure>\n<\/div>\n\n<div class=\"wp-block-image\">\n<figure class=\"aligncenter size-large\"><img decoding=\"async\" src=\"https:\/\/www.pomisna.info\/wp-content\/uploads\/2022\/09\/dsc_3450.jpg\" alt=\"\"\/><\/figure>\n<\/div>\n\n<div class=\"wp-block-image\">\n<figure class=\"aligncenter size-large\"><img decoding=\"async\" src=\"https:\/\/www.pomisna.info\/wp-content\/uploads\/2022\/09\/dsc_3456.jpg\" alt=\"\"\/><\/figure>\n<\/div>\n\n<div class=\"wp-block-image\">\n<figure class=\"aligncenter size-large\"><img decoding=\"async\" src=\"https:\/\/www.pomisna.info\/wp-content\/uploads\/2022\/09\/dsc_3461.jpg\" alt=\"\"\/><\/figure>\n<\/div>\n\n<div class=\"wp-block-image\">\n<figure class=\"aligncenter size-large\"><img decoding=\"async\" src=\"https:\/\/www.pomisna.info\/wp-content\/uploads\/2022\/09\/dsc_3465.jpg\" alt=\"\"\/><\/figure>\n<\/div>","protected":false},"excerpt":{"rendered":"<p>En la tarde del domingo 4 de septiembre de 2022, el Patriarca Ecum\u00e9nico Bartolom\u00e9 y Epifan\u00edo Metropolitana de Kyiv y Toda Ucrania, junto con los obispos y el clero, realizaron una peregrinaci\u00f3n al Monasterio de la Asunci\u00f3n el Padre. Tasos Desde un principio, el monasterio estuvo dedicado a la Natividad de la Sant\u00edsima Madre de [&hellip;]<\/p>\n","protected":false},"author":1,"featured_media":88,"comment_status":"closed","ping_status":"closed","sticky":false,"template":"","format":"standard","meta":{"om_disable_all_campaigns":false,"_monsterinsights_skip_tracking":false,"_monsterinsights_sitenote_active":false,"_monsterinsights_sitenote_note":"","_monsterinsights_sitenote_category":0,"_s2mail":"","footnotes":""},"categories":[2],"tags":[],"class_list":["post-963","post","type-post","status-publish","format-standard","has-post-thumbnail","hentry","category-noticias"],"aioseo_notices":[],"_links":{"self":[{"href":"https:\/\/orthodoxs.org\/index.php?rest_route=\/wp\/v2\/posts\/963","targetHints":{"allow":["GET"]}}],"collection":[{"href":"https:\/\/orthodoxs.org\/index.php?rest_route=\/wp\/v2\/posts"}],"about":[{"href":"https:\/\/orthodoxs.org\/index.php?rest_route=\/wp\/v2\/types\/post"}],"author":[{"embeddable":true,"href":"https:\/\/orthodoxs.org\/index.php?rest_route=\/wp\/v2\/users\/1"}],"replies":[{"embeddable":true,"href":"https:\/\/orthodoxs.org\/index.php?rest_route=%2Fwp%2Fv2%2Fcomments&post=963"}],"version-history":[{"count":1,"href":"https:\/\/orthodoxs.org\/index.php?rest_route=\/wp\/v2\/posts\/963\/revisions"}],"predecessor-version":[{"id":964,"href":"https:\/\/orthodoxs.org\/index.php?rest_route=\/wp\/v2\/posts\/963\/revisions\/964"}],"wp:featuredmedia":[{"embeddable":true,"href":"https:\/\/orthodoxs.org\/index.php?rest_route=\/wp\/v2\/media\/88"}],"wp:attachment":[{"href":"https:\/\/orthodoxs.org\/index.php?rest_route=%2Fwp%2Fv2%2Fmedia&parent=963"}],"wp:term":[{"taxonomy":"category","embeddable":true,"href":"https:\/\/orthodoxs.org\/index.php?rest_route=%2Fwp%2Fv2%2Fcategories&post=963"},{"taxonomy":"post_tag","embeddable":true,"href":"https:\/\/orthodoxs.org\/index.php?rest_route=%2Fwp%2Fv2%2Ftags&post=963"}],"curies":[{"name":"wp","href":"https:\/\/api.w.org\/{rel}","templated":true}]}}