{"id":933,"date":"2022-09-05T20:36:46","date_gmt":"2022-09-05T20:36:46","guid":{"rendered":"https:\/\/orthodoxs.org\/?p=933"},"modified":"2022-09-05T20:45:11","modified_gmt":"2022-09-05T20:45:11","slug":"la-liturgia-divina-en-el-p-thasos-estaba-encabezado-por-los-jefes-de-las-tres-iglesias","status":"publish","type":"post","link":"https:\/\/orthodoxs.org\/?p=933","title":{"rendered":"La liturgia divina en el p.\u00a0Thasos estaba encabezado por los Jefes de las tres Iglesias."},"content":{"rendered":"<p>El 4 de septiembre de 2022, en la iglesia en honor a la Asunci\u00f3n de la Virgen Mar\u00eda en el P. Se celebr\u00f3 una solemne Divina Liturgia en Thasos (Grecia), presidida por Su Santidad el Patriarca Ecum\u00e9nico Bartolom\u00e9, Su Beatitud el Arzobispo de Atenas y Toda Hellas Hieronymus, y Su Beatitud el Metropolitano Epifan\u00edo de Kyiv y Toda Ucrania. Jerarcas y cl\u00e9rigos del Patriarcado Ecum\u00e9nico, la Iglesia de Grecia, as\u00ed como la Iglesia Ortodoxa de Ucrania: el metropolitano Sime\u00f3n de Vinnytsia y Bar, el arzobispo Evstratiy de Chernihiv y Nizhyn, el arcipreste Vasyl Lylo (di\u00f3cesis de Kyiv) y el protodi\u00e1cono Vladyslav Demchenko (Vinnytsia- Bar Diocese) co-servido con los superiores. Otros jerarcas y cl\u00e9rigos de las tres Iglesias oraron despu\u00e9s del servicio. El c\u00f3nsul general de Ucrania en Tesal\u00f3nica, Vadym Sabluk, estuvo entre los invitados de honor.<\/p>\n<p>Antes del inicio de la liturgia en la Iglesia de la Asunci\u00f3n de Thassos, Su Beatitud el Metropolita Epifanio, como invitado espiritual de honor, dirigi\u00f3 el servicio de maitines dominicales.<\/p>\n<p>Al final del servicio, que dur\u00f3 cuatro horas y fue retransmitido por la televisi\u00f3n griega, el Primado de la Iglesia Ortodoxa de Ucrania se dirigi\u00f3 al Patriarca Ecum\u00e9nico, al Arzobispo de Atenas y de Toda la H\u00e9lade, al Metropolitano de Filipos, N\u00e1poles y Tasos y a todos aquellos presente con una palabra en la que agradeci\u00f3 la alegr\u00eda de testimoniar la unidad de la Iglesia de Cristo, que hoy se ha confirmado en el Sacramento de la Eucarist\u00eda. El texto completo de la se publica en <a href=\"https:\/\/orthodoxs.org\/?p=936\">este enlace<\/a>.<\/p>\n<p>Adem\u00e1s, en su discurso de bienvenida, el Metropolitano Stefan dijo sobre la alegr\u00eda que trajo a la comunidad local la visita y el servicio de los Jefes de Iglesia.\u00a0La glorificaci\u00f3n de la Catedral de los Santos de Thasos, encabezada por el Patriarca Ecum\u00e9nico y los Prelados de la Iglesia de Grecia y de la Iglesia Ortodoxa de Ucrania, pasar\u00e1 a la historia de la metr\u00f3poli, que fue iniciada por el Ap\u00f3stol Pablo, quien pis\u00f3 por primera vez aqu\u00ed la tierra del continente europeo.<\/p>\n<p>Su Santidad el Patriarca Ecum\u00e9nico Bartolom\u00e9 se dirigi\u00f3 a los feligreses ya todos los presentes.\u00a0Dedic\u00f3 gran parte de su discurso a Ucrania, condenando una vez m\u00e1s la guerra injusta y cruel que Rusia ha desatado y libra contra nuestro pa\u00eds sin motivo alguno.\u00a0El Patriarca tambi\u00e9n critic\u00f3 a quienes siguen sembrando divisiones y dudas entre los ortodoxos a pesar de las decisiones claras, firmes, consecuentes y can\u00f3nicamente justificadas del Patriarcado Ecum\u00e9nico con respecto a los asuntos eclesi\u00e1sticos en Ucrania.<\/p>\n<p>Al final del servicio hist\u00f3rico seg\u00fan la tradici\u00f3n griega, el metropolitano Epifanio de Kyiv y toda Ucrania, como invitado espiritual particularmente honrado, distribuy\u00f3 antidora a todos los fieles.<\/p>\n<p>El programa del segundo d\u00eda de la visita continuar\u00e1 con actos que tendr\u00e1n lugar el domingo por la noche.<\/p>\n<p>Durante la visita de dos d\u00edas, Su Beatitud tambi\u00e9n tuvo reuniones bilaterales separadas con el Patriarca Ecum\u00e9nico Bartolom\u00e9 y el Arzobispo Hieronymus de Atenas y All Hellas, durante las cuales, entre otros temas, discutieron el tema de contrarrestar la agresi\u00f3n rusa y condenar al jefe de la Federaci\u00f3n Rusa. Iglesia ortodoxa, Kyril Gundyaev, por apoyar los cr\u00edmenes del Kremlin contra el pueblo ucraniano y difundir la ideolog\u00eda her\u00e9tica etnofil\u00e9tica de la &#8220;paz rusa&#8221;.<\/p>\n<p>El patriarca Bartolom\u00e9 y el arzobispo Hieronymus testificaron sobre el firme apoyo del pueblo ucraniano en general y de la Iglesia ortodoxa de Ucrania en particular en el momento de las pruebas y el sufrimiento debido a la guerra que Rusia libra contra Ucrania.<\/p>\n\n<div class=\"wp-block-image\">\n<figure class=\"aligncenter size-large\"><img decoding=\"async\" src=\"https:\/\/www.pomisna.info\/wp-content\/uploads\/2022\/09\/dji_0384.jpg\" alt=\"\"\/><\/figure>\n<\/div>\n\n<div class=\"wp-block-image\">\n<figure class=\"aligncenter size-large\"><img decoding=\"async\" src=\"https:\/\/www.pomisna.info\/wp-content\/uploads\/2022\/09\/dsc_3109.jpg\" alt=\"\"\/><\/figure>\n<\/div>\n\n<div class=\"wp-block-image\">\n<figure class=\"aligncenter size-large\"><img decoding=\"async\" src=\"https:\/\/www.pomisna.info\/wp-content\/uploads\/2022\/09\/dsc_0427.jpg\" alt=\"\"\/><\/figure>\n<\/div>\n\n<div class=\"wp-block-image\">\n<figure class=\"aligncenter size-large\"><img decoding=\"async\" src=\"https:\/\/www.pomisna.info\/wp-content\/uploads\/2022\/09\/dsc_0445.jpg\" alt=\"\"\/><\/figure>\n<\/div>\n\n<div class=\"wp-block-image\">\n<figure class=\"aligncenter size-large\"><img decoding=\"async\" src=\"https:\/\/www.pomisna.info\/wp-content\/uploads\/2022\/09\/dsc_3116.jpg\" alt=\"\"\/><\/figure>\n<\/div>\n\n<div class=\"wp-block-image\">\n<figure class=\"aligncenter size-large\"><img decoding=\"async\" src=\"https:\/\/www.pomisna.info\/wp-content\/uploads\/2022\/09\/dsc_3117.jpg\" alt=\"\"\/><\/figure>\n<\/div>\n\n<div class=\"wp-block-image\">\n<figure class=\"aligncenter size-large\"><img decoding=\"async\" src=\"https:\/\/www.pomisna.info\/wp-content\/uploads\/2022\/09\/dsc_3121.jpg\" alt=\"\"\/><\/figure>\n<\/div>\n\n<div class=\"wp-block-image\">\n<figure class=\"aligncenter size-large\"><img decoding=\"async\" src=\"https:\/\/www.pomisna.info\/wp-content\/uploads\/2022\/09\/dsc_3127.jpg\" alt=\"\"\/><\/figure>\n<\/div>\n\n<div class=\"wp-block-image\">\n<figure class=\"aligncenter size-large\"><img decoding=\"async\" src=\"https:\/\/www.pomisna.info\/wp-content\/uploads\/2022\/09\/dsc_3131.jpg\" alt=\"\"\/><\/figure>\n<\/div>\n\n<div class=\"wp-block-image\">\n<figure class=\"aligncenter size-large\"><img decoding=\"async\" src=\"https:\/\/www.pomisna.info\/wp-content\/uploads\/2022\/09\/dsc_3144.jpg\" alt=\"\"\/><\/figure>\n<\/div>\n\n<div class=\"wp-block-image\">\n<figure class=\"aligncenter size-large\"><img decoding=\"async\" src=\"https:\/\/www.pomisna.info\/wp-content\/uploads\/2022\/09\/dsc_3154.jpg\" alt=\"\"\/><\/figure>\n<\/div>\n\n<div class=\"wp-block-image\">\n<figure class=\"aligncenter size-large\"><img decoding=\"async\" src=\"https:\/\/www.pomisna.info\/wp-content\/uploads\/2022\/09\/dsc_3160.jpg\" alt=\"\"\/><\/figure>\n<\/div>\n\n<div class=\"wp-block-image\">\n<figure class=\"aligncenter size-large\"><img decoding=\"async\" src=\"https:\/\/www.pomisna.info\/wp-content\/uploads\/2022\/09\/dsc_3162.jpg\" alt=\"\"\/><\/figure>\n<\/div>\n\n<div class=\"wp-block-image\">\n<figure class=\"aligncenter size-large\"><img decoding=\"async\" src=\"https:\/\/www.pomisna.info\/wp-content\/uploads\/2022\/09\/dsc_3164.jpg\" alt=\"\"\/><\/figure>\n<\/div>\n\n<div class=\"wp-block-image\">\n<figure class=\"aligncenter size-large\"><img decoding=\"async\" src=\"https:\/\/www.pomisna.info\/wp-content\/uploads\/2022\/09\/dsc_3167.jpg\" alt=\"\"\/><\/figure>\n<\/div>\n\n<div class=\"wp-block-image\">\n<figure class=\"aligncenter size-large\"><img decoding=\"async\" src=\"https:\/\/www.pomisna.info\/wp-content\/uploads\/2022\/09\/dsc_3180.jpg\" alt=\"\"\/><\/figure>\n<\/div>\n\n<div class=\"wp-block-image\">\n<figure class=\"aligncenter size-large\"><img decoding=\"async\" src=\"https:\/\/www.pomisna.info\/wp-content\/uploads\/2022\/09\/dsc_3191.jpg\" alt=\"\"\/><\/figure>\n<\/div>","protected":false},"excerpt":{"rendered":"<p>El 4 de septiembre de 2022, en la iglesia en honor a la Asunci\u00f3n de la Virgen Mar\u00eda en el P. Se celebr\u00f3 una solemne Divina Liturgia en Thasos (Grecia), presidida por Su Santidad el Patriarca Ecum\u00e9nico Bartolom\u00e9, Su Beatitud el Arzobispo de Atenas y Toda Hellas Hieronymus, y Su Beatitud el Metropolitano Epifan\u00edo de [&hellip;]<\/p>\n","protected":false},"author":1,"featured_media":934,"comment_status":"closed","ping_status":"closed","sticky":false,"template":"","format":"standard","meta":{"om_disable_all_campaigns":false,"_monsterinsights_skip_tracking":false,"_monsterinsights_sitenote_active":false,"_monsterinsights_sitenote_note":"","_monsterinsights_sitenote_category":0,"_s2mail":"","footnotes":""},"categories":[2],"tags":[],"class_list":["post-933","post","type-post","status-publish","format-standard","has-post-thumbnail","hentry","category-noticias"],"aioseo_notices":[],"_links":{"self":[{"href":"https:\/\/orthodoxs.org\/index.php?rest_route=\/wp\/v2\/posts\/933","targetHints":{"allow":["GET"]}}],"collection":[{"href":"https:\/\/orthodoxs.org\/index.php?rest_route=\/wp\/v2\/posts"}],"about":[{"href":"https:\/\/orthodoxs.org\/index.php?rest_route=\/wp\/v2\/types\/post"}],"author":[{"embeddable":true,"href":"https:\/\/orthodoxs.org\/index.php?rest_route=\/wp\/v2\/users\/1"}],"replies":[{"embeddable":true,"href":"https:\/\/orthodoxs.org\/index.php?rest_route=%2Fwp%2Fv2%2Fcomments&post=933"}],"version-history":[{"count":2,"href":"https:\/\/orthodoxs.org\/index.php?rest_route=\/wp\/v2\/posts\/933\/revisions"}],"predecessor-version":[{"id":940,"href":"https:\/\/orthodoxs.org\/index.php?rest_route=\/wp\/v2\/posts\/933\/revisions\/940"}],"wp:featuredmedia":[{"embeddable":true,"href":"https:\/\/orthodoxs.org\/index.php?rest_route=\/wp\/v2\/media\/934"}],"wp:attachment":[{"href":"https:\/\/orthodoxs.org\/index.php?rest_route=%2Fwp%2Fv2%2Fmedia&parent=933"}],"wp:term":[{"taxonomy":"category","embeddable":true,"href":"https:\/\/orthodoxs.org\/index.php?rest_route=%2Fwp%2Fv2%2Fcategories&post=933"},{"taxonomy":"post_tag","embeddable":true,"href":"https:\/\/orthodoxs.org\/index.php?rest_route=%2Fwp%2Fv2%2Ftags&post=933"}],"curies":[{"name":"wp","href":"https:\/\/api.w.org\/{rel}","templated":true}]}}