{"id":904,"date":"2022-09-04T09:18:58","date_gmt":"2022-09-04T09:18:58","guid":{"rendered":"https:\/\/orthodoxs.org\/?p=904"},"modified":"2022-09-04T09:19:00","modified_gmt":"2022-09-04T09:19:00","slug":"el-patriarca-bartolome-bendijo-la-construccion-de-un-campamento-para-jovenes-cristianos-en-thassos","status":"publish","type":"post","link":"https:\/\/orthodoxs.org\/?p=904","title":{"rendered":"El patriarca Bartolom\u00e9 bendijo la construcci\u00f3n de un campamento para j\u00f3venes cristianos en Thassos"},"content":{"rendered":"<p><span style=\"color: #000000;\">En la tarde del 3 de septiembre de 2022, Su Santidad el Patriarca Ecum\u00e9nico Bartolom\u00e9 presidi\u00f3 la ceremonia de colocaci\u00f3n de la primera piedra en el sitio de construcci\u00f3n del campamento juvenil de la Metr\u00f3polis de Filipos, N\u00e1poles y Tasos.\u00a0Este campamento se construir\u00e1 en el \u00e1rea de Skala Rahoniou en la isla de Thassos.\u00a0Los Prelados de la Iglesia de Grecia y la Iglesia Ortodoxa de Ucrania Su Beatitud el Arzobispo Hieronymus de Atenas y All Hellas y Su Beatitud el Metropolitano de Kyiv y Toda Ucrania Epiphanius, el jefe del obispo metropolitano local Stefan, numerosos jerarcas, cl\u00e9rigos, residentes locales y invitados estuvieron presentes en la ceremonia.<\/span><\/p>\n<p><span style=\"color: #000000;\">En su discurso de bienvenida despu\u00e9s de la ceremonia, el metropolita Stefan de Filipos, N\u00e1poles y Thassos destac\u00f3 la importancia del trabajo cristiano con los j\u00f3venes.\u00a0El campamento que se va a construir debe convertirse en un lugar para la celebraci\u00f3n de eventos espirituales y educativos, reuniones, conferencias, donde el descanso, \u00fatil para la salud del cuerpo, se combinar\u00e1 con el que ser\u00e1 \u00fatil para el alma.\u00a0\u201cLos j\u00f3venes siempre est\u00e1n buscando modelos a seguir, y nosotros, como Iglesia y como pertenecientes a la generaci\u00f3n mayor, debemos darles un buen ejemplo\u201d, enfatiz\u00f3 el obispo.<\/span><\/p>\n<p><span style=\"color: #000000;\">El primer d\u00eda lleno de acontecimientos de la visita de los Jefes de las tres Iglesias ortodoxas a Thassos termin\u00f3 con la ceremonia de proclamaci\u00f3n del patriarca ecum\u00e9nico Bartolom\u00e9 y del arzobispo de Atenas Hieronymus como ciudadanos de honor del municipio de Thassos.\u00a0Dimarch (jefe del municipio) Eleuferios Kyriakidis pronunci\u00f3 un discurso de bienvenida en esta ocasi\u00f3n, y el presidente del consejo ley\u00f3 la decisi\u00f3n de este \u00f3rgano representativo sobre la ciudadan\u00eda honoraria para el patriarca Bartolom\u00e9 y el arzobispo Hieronymus.<\/span><\/p>\n<p><span style=\"color: #000000;\">En la palabra de agradecimiento pronunciada por Su Santidad el Patriarca Ecum\u00e9nico, enfatiz\u00f3 la importancia de prestar atenci\u00f3n a los temas de la ecolog\u00eda, preservando la naturaleza como creaci\u00f3n de Dios y lugar de nuestra vida.\u00a0El Patriarca tom\u00f3 nota de los esfuerzos del Municipio de Thassos y del Dimarch personalmente en esta direcci\u00f3n.<\/span><\/p>\n<p><span style=\"color: #000000;\">Los actos festivos se engalanaron con un concierto de m\u00fasica tradicional p\u00f3ntica.<\/span><\/p>\n\n<div class=\"wp-block-image\">\n<figure class=\"aligncenter size-large\"><img decoding=\"async\" src=\"https:\/\/www.pomisna.info\/wp-content\/uploads\/2022\/09\/dsc_2971.jpg\" alt=\"\"\/><\/figure>\n<\/div>\n\n<div class=\"wp-block-image\">\n<figure class=\"aligncenter size-large\"><img decoding=\"async\" src=\"https:\/\/www.pomisna.info\/wp-content\/uploads\/2022\/09\/dsc_2978.jpg\" alt=\"\"\/><\/figure>\n<\/div>\n\n<div class=\"wp-block-image\">\n<figure class=\"aligncenter size-large\"><img decoding=\"async\" src=\"https:\/\/www.pomisna.info\/wp-content\/uploads\/2022\/09\/dsc_2980.jpg\" alt=\"\"\/><\/figure>\n<\/div>\n\n<div class=\"wp-block-image\">\n<figure class=\"aligncenter size-large\"><img decoding=\"async\" src=\"https:\/\/www.pomisna.info\/wp-content\/uploads\/2022\/09\/dsc_2982.jpg\" alt=\"\"\/><\/figure>\n<\/div>\n\n<div class=\"wp-block-image\">\n<figure class=\"aligncenter size-large\"><img decoding=\"async\" src=\"https:\/\/www.pomisna.info\/wp-content\/uploads\/2022\/09\/dsc_2985.jpg\" alt=\"\"\/><\/figure>\n<\/div>\n\n<div class=\"wp-block-image\">\n<figure class=\"aligncenter size-large\"><img decoding=\"async\" src=\"https:\/\/www.pomisna.info\/wp-content\/uploads\/2022\/09\/dsc_2990.jpg\" alt=\"\"\/><\/figure>\n<\/div>\n\n<div class=\"wp-block-image\">\n<figure class=\"aligncenter size-large\"><img decoding=\"async\" src=\"https:\/\/www.pomisna.info\/wp-content\/uploads\/2022\/09\/dsc_2996.jpg\" alt=\"\"\/><\/figure>\n<\/div>\n\n<div class=\"wp-block-image\">\n<figure class=\"aligncenter size-large\"><img decoding=\"async\" src=\"https:\/\/www.pomisna.info\/wp-content\/uploads\/2022\/09\/dsc_2998.jpg\" alt=\"\"\/><\/figure>\n<\/div>\n\n<div class=\"wp-block-image\">\n<figure class=\"aligncenter size-large\"><img decoding=\"async\" src=\"https:\/\/www.pomisna.info\/wp-content\/uploads\/2022\/09\/dsc_3001.jpg\" alt=\"\"\/><\/figure>\n<\/div>\n\n<div class=\"wp-block-image\">\n<figure class=\"aligncenter size-large\"><img decoding=\"async\" src=\"https:\/\/www.pomisna.info\/wp-content\/uploads\/2022\/09\/dsc_3002.jpg\" alt=\"\"\/><\/figure>\n<\/div>\n\n<div class=\"wp-block-image\">\n<figure class=\"aligncenter size-large\"><img decoding=\"async\" src=\"https:\/\/www.pomisna.info\/wp-content\/uploads\/2022\/09\/dsc_3005.jpg\" alt=\"\"\/><\/figure>\n<\/div>\n\n<div class=\"wp-block-image\">\n<figure class=\"aligncenter size-large\"><img decoding=\"async\" src=\"https:\/\/www.pomisna.info\/wp-content\/uploads\/2022\/09\/dsc_3016.jpg\" alt=\"\"\/><\/figure>\n<\/div>","protected":false},"excerpt":{"rendered":"<p>En la tarde del 3 de septiembre de 2022, Su Santidad el Patriarca Ecum\u00e9nico Bartolom\u00e9 presidi\u00f3 la ceremonia de colocaci\u00f3n de la primera piedra en el sitio de construcci\u00f3n del campamento juvenil de la Metr\u00f3polis de Filipos, N\u00e1poles y Tasos.\u00a0Este campamento se construir\u00e1 en el \u00e1rea de Skala Rahoniou en la isla de Thassos.\u00a0Los Prelados [&hellip;]<\/p>\n","protected":false},"author":1,"featured_media":905,"comment_status":"closed","ping_status":"closed","sticky":false,"template":"","format":"standard","meta":{"om_disable_all_campaigns":false,"_monsterinsights_skip_tracking":false,"_monsterinsights_sitenote_active":false,"_monsterinsights_sitenote_note":"","_monsterinsights_sitenote_category":0,"_s2mail":"","footnotes":""},"categories":[2],"tags":[],"class_list":["post-904","post","type-post","status-publish","format-standard","has-post-thumbnail","hentry","category-noticias"],"aioseo_notices":[],"_links":{"self":[{"href":"https:\/\/orthodoxs.org\/index.php?rest_route=\/wp\/v2\/posts\/904","targetHints":{"allow":["GET"]}}],"collection":[{"href":"https:\/\/orthodoxs.org\/index.php?rest_route=\/wp\/v2\/posts"}],"about":[{"href":"https:\/\/orthodoxs.org\/index.php?rest_route=\/wp\/v2\/types\/post"}],"author":[{"embeddable":true,"href":"https:\/\/orthodoxs.org\/index.php?rest_route=\/wp\/v2\/users\/1"}],"replies":[{"embeddable":true,"href":"https:\/\/orthodoxs.org\/index.php?rest_route=%2Fwp%2Fv2%2Fcomments&post=904"}],"version-history":[{"count":1,"href":"https:\/\/orthodoxs.org\/index.php?rest_route=\/wp\/v2\/posts\/904\/revisions"}],"predecessor-version":[{"id":906,"href":"https:\/\/orthodoxs.org\/index.php?rest_route=\/wp\/v2\/posts\/904\/revisions\/906"}],"wp:featuredmedia":[{"embeddable":true,"href":"https:\/\/orthodoxs.org\/index.php?rest_route=\/wp\/v2\/media\/905"}],"wp:attachment":[{"href":"https:\/\/orthodoxs.org\/index.php?rest_route=%2Fwp%2Fv2%2Fmedia&parent=904"}],"wp:term":[{"taxonomy":"category","embeddable":true,"href":"https:\/\/orthodoxs.org\/index.php?rest_route=%2Fwp%2Fv2%2Fcategories&post=904"},{"taxonomy":"post_tag","embeddable":true,"href":"https:\/\/orthodoxs.org\/index.php?rest_route=%2Fwp%2Fv2%2Ftags&post=904"}],"curies":[{"name":"wp","href":"https:\/\/api.w.org\/{rel}","templated":true}]}}