{"id":901,"date":"2022-09-04T09:04:17","date_gmt":"2022-09-04T09:04:17","guid":{"rendered":"https:\/\/orthodoxs.org\/?p=901"},"modified":"2022-09-04T09:04:18","modified_gmt":"2022-09-04T09:04:18","slug":"palabra-del-metropolitano-de-kyiv-y-toda-ucrania-epifanio-despues-de-la-oracion-de-accion-de-gracias-doxologia-con-motivo-de-su-llegada-al-p-tasos-grecia","status":"publish","type":"post","link":"https:\/\/orthodoxs.org\/?p=901","title":{"rendered":"Palabra del Metropolitano de Kyiv y Toda Ucrania Epifan\u00edo despu\u00e9s de la Oraci\u00f3n de Acci\u00f3n de Gracias (Doxolog\u00eda) con motivo de su llegada al p.\u00a0Tasos, Grecia"},"content":{"rendered":"<p>\u00a1Su Santidad Patriarca Bartolom\u00e9!<\/p>\n<p>Su Beatitud Arzobispo Hieronymus!<\/p>\n<p>Su Eminencia Metropolitano Stefan!<\/p>\n<p>\u00a1Reverendos obispos, padres, hermanos y hermanas!<\/p>\n<p>Con especial sentimiento de espiritualidad interior, pis\u00e9 la tierra bendita de Hellas en la santa Metr\u00f3polis, cuyos cimientos fueron puestos por el santo ap\u00f3stol Pablo.\u00a0Aqu\u00ed comenz\u00f3 su predicaci\u00f3n del Evangelio en las tierras de Europa.\u00a0Y despu\u00e9s de casi dos mil a\u00f1os, sintiendo la presencia espiritual entre nosotros de este ap\u00f3stol de muchos pueblos, se escribe aqu\u00ed una nueva p\u00e1gina especial para la Iglesia Ortodoxa.\u00a0Aqu\u00ed, los Jefes de la Iglesia de Grecia y la Iglesia de Ucrania junto con el Patriarca Ecum\u00e9nico Todo-Santo y los jerarcas realizar\u00e1n la Divina Liturgia, testificando que todos somos uno en Cristo Jes\u00fas (G\u00e1latas 3:28).<\/p>\n<p>Es especialmente conmovedor para m\u00ed volver a poner un pie en la tierra de Hellas, porque desde la \u00e9poca de mis estudios en la Universidad de Atenas, siempre ha estado en mi coraz\u00f3n.\u00a0Pero por primera vez, esta tierra bendita se encuentra con el Primado de la Iglesia Ortodoxa Autoc\u00e9fala de Ucrania &#8211; la Iglesia Local, que gracias al servicio sacrificial de Su Santidad, despu\u00e9s de muchos sufrimientos en el pasado, recibi\u00f3 de sus manos el Tomos sobre la autocefalia y ahora tiene su lugar en el D\u00edptico como Iglesia Hermana autoc\u00e9fala.<\/p>\n<p>Estoy profundamente conmovido por la cordial acogida de mis hermanos y m\u00edos, miembros de la delegaci\u00f3n de la Iglesia Ortodoxa de Ucrania.\u00a0Hace exactamente un a\u00f1o, tuvimos la alegr\u00eda de recibir a Su Santidad ya usted, Metropolitano Stefan, como miembro de la delegaci\u00f3n Patriarcal, en Kyiv.\u00a0Y luego, Su Eminencia, nos habl\u00f3 de su intenci\u00f3n de invitarnos a visitarnos aqu\u00ed el pr\u00f3ximo a\u00f1o.<\/p>\n<p>Su invitaci\u00f3n nos lleg\u00f3 a principios de marzo de este a\u00f1o, en d\u00edas terribles y oscuros para Kyiv, para Ucrania y para el mundo entero, cuando el tirano ruso envi\u00f3 sus tropas para apoderarse de nuestra capital y destruir nuestro estado.\u00a0Cuando estaba leyendo tu invitaci\u00f3n, pod\u00eda escuchar de vez en cuando los sonidos de explosiones y disparos que ya sonaban en las afueras de nuestra ciudad.\u00a0Escuch\u00e9 el sonido de una sirena advirtiendo del peligro de las bombas y misiles rusos.<\/p>\n<p>Y en medio de todas estas se\u00f1ales de guerra, de usted, Su Santidad, recibimos, como un rayo de sol, una invitaci\u00f3n al Servicio Divino y solemnes actos que ahora tendr\u00e1n lugar aqu\u00ed.\u00a0En aquellos d\u00edas de primavera, no sab\u00edamos lo que nos pod\u00eda pasar en una hora o al d\u00eda siguiente, pero la se\u00f1al de tu amor fraterno en Cristo toc\u00f3 profundamente mi coraz\u00f3n.\u00a0En su invitaci\u00f3n vi un s\u00edmbolo de la bendici\u00f3n de Dios y una se\u00f1al de que el enemigo que vino con la guerra a nuestra tierra no tendr\u00e1 \u00e9xito en sus malvados planes, y tendremos la oportunidad de aceptar su invitaci\u00f3n y compartir con todos ustedes, y especialmente con Vuestra Santidad y Vuestra Beatitud la alegr\u00eda de la oraci\u00f3n y el culto conjunto.<\/p>\n<p>\u00a1Tu dicha!\u00a0Personalmente, estoy profundamente agradecido a usted y a todos los hermanos obispos del Santo S\u00ednodo de los Jerarcas de la Iglesia de Grecia, que usted dirige, por el apoyo y el amor que ya ha mostrado a la Iglesia de Ucrania y contin\u00faa mostrando.\u00a0\u201cLlevad los unos las cargas de los otros y cumplid as\u00ed la ley de Cristo\u201d (G\u00e1latas 6:2) \u2013 nos ense\u00f1a el bendito Ap\u00f3stol Pablo.\u00a0T\u00fa, como un hermano mayor que ayuda al menor, has tomado nuestras cargas y nos ayudas a llevarlas.\u00a0Os estamos profundamente agradecidos por ello y esperamos con alegr\u00eda la Divina Liturgia de ma\u00f1ana, en la que nosotros, reunidos ante la Santa Sede, daremos testimonio de nuestra inquebrantable unidad en Cristo.<\/p>\n<p>\u00a1Su Santidad!<\/p>\n<p>Hace un a\u00f1o nos acogiste en la casa de tus padres, en la isla de Imvros, que se encuentra aqu\u00ed, a una distancia relativamente corta.\u00a0Y tuvimos la suerte de recibirte en nuestra capital, Kyiv.\u00a0Ahora, con tu bendici\u00f3n ya tu llamado, nos reunimos nuevamente para la oraci\u00f3n y la comunicaci\u00f3n fraterna.\u00a0Nuestro coraz\u00f3n se regocija y dice junto con el profeta y el rey David: &#8220;\u00a1Qu\u00e9 bueno y qu\u00e9 hermoso es cuando los hermanos viven en armon\u00eda!&#8221;\u00a0(Sal. 132:1).\u00a0Que esta paz y bendito acuerdo se extienda a\u00fan m\u00e1s entre toda la Iglesia Ortodoxa.\u00a0Una tormenta agita el mar y lanza grandes olas sobre el barco, pero un capit\u00e1n experimentado lo lleva a un lugar seguro y tranquilo.\u00a0Y Usted, Su Santidad, conduce el barco de la Ortodoxia, aunque las olas se dirijan hacia \u00e9l desde diferentes direcciones, que quisieran hundirlo.<\/p>\n<p>Mucho se puede y se debe decir en un momento tan especial e hist\u00f3rico, pero nuestra oraci\u00f3n y adoraci\u00f3n com\u00fan, nuestra comunicaci\u00f3n fraterna pueden y son capaces de decir m\u00e1s que mil palabras.\u00a0Por lo tanto, que el amor en Cristo que est\u00e1 entre nosotros hable con palabras, pero m\u00e1s a\u00fan, que testifique con hechos.<\/p>\n<p>\u00a1Muchos veranos, Su Santidad!<\/p>\n<p>\u00a1Muchos veranos, Su Gracia!<\/p>\n<p>\u00a1Muchos veranos, Su Eminencia el Metropolitano Stefan!<\/p>\n\n<div class=\"wp-block-image\">\n<figure class=\"aligncenter size-large\"><img decoding=\"async\" src=\"https:\/\/www.pomisna.info\/wp-content\/uploads\/2022\/09\/dsc_2898-1.jpg\" alt=\"\"\/><\/figure>\n<\/div>","protected":false},"excerpt":{"rendered":"<p>\u00a1Su Santidad Patriarca Bartolom\u00e9! Su Beatitud Arzobispo Hieronymus! Su Eminencia Metropolitano Stefan! \u00a1Reverendos obispos, padres, hermanos y hermanas! Con especial sentimiento de espiritualidad interior, pis\u00e9 la tierra bendita de Hellas en la santa Metr\u00f3polis, cuyos cimientos fueron puestos por el santo ap\u00f3stol Pablo.\u00a0Aqu\u00ed comenz\u00f3 su predicaci\u00f3n del Evangelio en las tierras de Europa.\u00a0Y despu\u00e9s de [&hellip;]<\/p>\n","protected":false},"author":1,"featured_media":89,"comment_status":"closed","ping_status":"closed","sticky":false,"template":"","format":"standard","meta":{"om_disable_all_campaigns":false,"_monsterinsights_skip_tracking":false,"_monsterinsights_sitenote_active":false,"_monsterinsights_sitenote_note":"","_monsterinsights_sitenote_category":0,"_s2mail":"","footnotes":""},"categories":[2],"tags":[],"class_list":["post-901","post","type-post","status-publish","format-standard","has-post-thumbnail","hentry","category-noticias"],"aioseo_notices":[],"_links":{"self":[{"href":"https:\/\/orthodoxs.org\/index.php?rest_route=\/wp\/v2\/posts\/901","targetHints":{"allow":["GET"]}}],"collection":[{"href":"https:\/\/orthodoxs.org\/index.php?rest_route=\/wp\/v2\/posts"}],"about":[{"href":"https:\/\/orthodoxs.org\/index.php?rest_route=\/wp\/v2\/types\/post"}],"author":[{"embeddable":true,"href":"https:\/\/orthodoxs.org\/index.php?rest_route=\/wp\/v2\/users\/1"}],"replies":[{"embeddable":true,"href":"https:\/\/orthodoxs.org\/index.php?rest_route=%2Fwp%2Fv2%2Fcomments&post=901"}],"version-history":[{"count":1,"href":"https:\/\/orthodoxs.org\/index.php?rest_route=\/wp\/v2\/posts\/901\/revisions"}],"predecessor-version":[{"id":902,"href":"https:\/\/orthodoxs.org\/index.php?rest_route=\/wp\/v2\/posts\/901\/revisions\/902"}],"wp:featuredmedia":[{"embeddable":true,"href":"https:\/\/orthodoxs.org\/index.php?rest_route=\/wp\/v2\/media\/89"}],"wp:attachment":[{"href":"https:\/\/orthodoxs.org\/index.php?rest_route=%2Fwp%2Fv2%2Fmedia&parent=901"}],"wp:term":[{"taxonomy":"category","embeddable":true,"href":"https:\/\/orthodoxs.org\/index.php?rest_route=%2Fwp%2Fv2%2Fcategories&post=901"},{"taxonomy":"post_tag","embeddable":true,"href":"https:\/\/orthodoxs.org\/index.php?rest_route=%2Fwp%2Fv2%2Ftags&post=901"}],"curies":[{"name":"wp","href":"https:\/\/api.w.org\/{rel}","templated":true}]}}