{"id":898,"date":"2022-09-04T08:58:33","date_gmt":"2022-09-04T08:58:33","guid":{"rendered":"https:\/\/orthodoxs.org\/?p=898"},"modified":"2022-09-04T09:05:31","modified_gmt":"2022-09-04T09:05:31","slug":"en-la-iglesia-de-la-asuncion-de-la-virgen-en-thassos-se-realizo-una-oracion-de-accion-de-gracias-con-motivo-del-encuentro-de-los-jefes-de-iglesias","status":"publish","type":"post","link":"https:\/\/orthodoxs.org\/?p=898","title":{"rendered":"En la Iglesia de la Asunci\u00f3n de la Virgen en Thassos, se realiz\u00f3 una oraci\u00f3n de acci\u00f3n de gracias con motivo del encuentro de los Jefes de Iglesias"},"content":{"rendered":"<p><span style=\"color: #000000;\">Despu\u00e9s de llegar al puerto de la ciudad de Tasos -el asentamiento m\u00e1s grande de la isla, que tambi\u00e9n lleva su nombre- el 3 de septiembre de 2022, despu\u00e9s del mediod\u00eda, el patriarca ecum\u00e9nico Bartolom\u00e9, arzobispo de Atenas y All Hellas Hieronymus y metropolitano de Kyiv y All Ucrania Epifanio, as\u00ed como numerosos jerarcas y cl\u00e9rigos Los representantes del Patriarcado Ecum\u00e9nico, la Iglesia de Grecia y la Iglesia Ortodoxa de Ucrania, junto con los residentes locales, se reunieron con el \u00edcono de los santos de la Catedral de Tasos: Santos Lucas, Eufemia, Daniel , Euphrosyne y m\u00e1rtires John y Haida.<\/span><\/p>\n<p><span style=\"color: #000000;\">Luego, el \u00edcono y los participantes de la fiesta fueron a la Iglesia de la Asunci\u00f3n de la Virgen Mar\u00eda en el pueblo de Panagia, donde se estableci\u00f3 un nuevo santuario para la veneraci\u00f3n y el culto.<\/span><\/p>\n<p><span style=\"color: #000000;\">Seg\u00fan la costumbre de la tradici\u00f3n lit\u00fargica griega, con motivo de la llegada de los Jefes de las Iglesias, se realizaba en la iglesia una oraci\u00f3n de acci\u00f3n de gracias (Doxolog\u00eda), que era presidida por Su Santidad el Patriarca Ecum\u00e9nico Bartolom\u00e9.\u00a0Los Jefes de las Iglesias Locales de Grecia y Ucrania, numerosos jerarcas, cl\u00e9rigos e invitados tambi\u00e9n rezaron durante el servicio.<\/span><\/p>\n<p><span style=\"color: #000000;\">Despu\u00e9s de la oraci\u00f3n, el metropolita Stephan de Philippi, N\u00e1poles y Thassos se dirigi\u00f3 a los presentes con palabras de sublime alegr\u00eda.\u00a0Agradeci\u00f3 a cada uno de los Prelados, se\u00f1alando los hitos importantes en la historia de las Iglesias y de los pueblos, cuya continuaci\u00f3n es el presente.<\/span><\/p>\n<p><span style=\"color: #000000;\">Dirigi\u00e9ndose a Su Beatitud el Metropolitano Epifanio, el obispo Stefan mencion\u00f3 el primer bautismo de Ucrania-Rus durante el patriarcado de San Focio, as\u00ed como la finalizaci\u00f3n de la cristianizaci\u00f3n del estado por parte del Santo Igual a los Ap\u00f3stoles, el Pr\u00edncipe Volodymyr.\u00a0El metropolitano mencion\u00f3 a los santos y m\u00e1rtires de la tierra ucraniana, en particular de Crimea, y enfatiz\u00f3 que incluso ahora el pueblo de Ucrania sufre, y la Iglesia sufre con ellos, pero el esp\u00edritu y el amor por la verdad no han disminuido. por eso, sino por el contrario, se ha fortalecido.<\/span><\/p>\n<p><span style=\"color: #000000;\">En sus palabras, tanto el arzobispo Hieronymus como el patriarca Bartolom\u00e9 se\u00f1alaron la importancia de la celebraci\u00f3n actual tanto para los residentes locales que contin\u00faan la vida de la comunidad que fue fundada por primera vez en el continente europeo por el ap\u00f3stol Pablo, como para toda la ortodoxia.<\/span><\/p>\n<p><span style=\"color: #000000;\">Su Beatitud el metropolitano Epifanio pronunci\u00f3 un discurso dirigido al metropolitano Stefan y los primados en griego.\u00a0El texto completo del discurso solemne en ucraniano y griego se publica en <a href=\"https:\/\/orthodoxs.org\/?p=901\">este\u00a0enlace<\/a>\u00a0.<\/span><\/p>\n<p><span style=\"color: #000000;\">En nombre de los habitantes de Thassos, el demarch (jefe del municipio) Eleuferios Kyriakidis dio la bienvenida a los alcaldes ya todos los presentes.<\/span><\/p>\n<p><span style=\"color: #000000;\">El domingo 4 de septiembre se llevar\u00e1 a cabo la Divina Liturgia en Tasos, en la que concelebrar\u00e1n el Patriarca Ecum\u00e9nico Bartolom\u00e9, el Arzobispo de Atenas y toda Hellas Hieronymus y la Epifan\u00eda Metropolitana de Kyiv y Toda Ucrania.<\/span><\/p>\n\n<div class=\"wp-block-image\">\n<figure class=\"aligncenter size-large\"><img decoding=\"async\" src=\"https:\/\/www.pomisna.info\/wp-content\/uploads\/2022\/09\/dsc_2704.jpg\" alt=\"\"\/><\/figure>\n<\/div>\n\n<div class=\"wp-block-image\">\n<figure class=\"aligncenter size-large\"><img decoding=\"async\" src=\"https:\/\/www.pomisna.info\/wp-content\/uploads\/2022\/09\/dsc_2718.jpg\" alt=\"\"\/><\/figure>\n<\/div>\n\n<div class=\"wp-block-image\">\n<figure class=\"aligncenter size-large\"><img decoding=\"async\" src=\"https:\/\/www.pomisna.info\/wp-content\/uploads\/2022\/09\/dsc_2734.jpg\" alt=\"\"\/><\/figure>\n<\/div>\n\n<div class=\"wp-block-image\">\n<figure class=\"aligncenter size-large\"><img decoding=\"async\" src=\"https:\/\/www.pomisna.info\/wp-content\/uploads\/2022\/09\/dsc_0094.jpg\" alt=\"\"\/><\/figure>\n<\/div>\n\n<div class=\"wp-block-image\">\n<figure class=\"aligncenter size-large\"><img decoding=\"async\" src=\"https:\/\/www.pomisna.info\/wp-content\/uploads\/2022\/09\/dsc_2735.jpg\" alt=\"\"\/><\/figure>\n<\/div>\n\n<div class=\"wp-block-image\">\n<figure class=\"aligncenter size-large\"><img decoding=\"async\" src=\"https:\/\/www.pomisna.info\/wp-content\/uploads\/2022\/09\/dsc_2748.jpg\" alt=\"\"\/><\/figure>\n<\/div>\n\n<div class=\"wp-block-image\">\n<figure class=\"aligncenter size-large\"><img decoding=\"async\" src=\"https:\/\/www.pomisna.info\/wp-content\/uploads\/2022\/09\/dsc_2751.jpg\" alt=\"\"\/><\/figure>\n<\/div>\n\n<div class=\"wp-block-image\">\n<figure class=\"aligncenter size-large\"><img decoding=\"async\" src=\"https:\/\/www.pomisna.info\/wp-content\/uploads\/2022\/09\/dsc_2754.jpg\" alt=\"\"\/><\/figure>\n<\/div>\n\n<div class=\"wp-block-image\">\n<figure class=\"aligncenter size-large\"><img decoding=\"async\" src=\"https:\/\/www.pomisna.info\/wp-content\/uploads\/2022\/09\/dsc_0125.jpg\" alt=\"\"\/><\/figure>\n<\/div>\n\n<div class=\"wp-block-image\">\n<figure class=\"aligncenter size-large\"><img decoding=\"async\" src=\"https:\/\/www.pomisna.info\/wp-content\/uploads\/2022\/09\/dsc_2775.jpg\" alt=\"\"\/><\/figure>\n<\/div>\n\n<div class=\"wp-block-image\">\n<figure class=\"aligncenter size-large\"><img decoding=\"async\" src=\"https:\/\/www.pomisna.info\/wp-content\/uploads\/2022\/09\/dsc_2797.jpg\" alt=\"\"\/><\/figure>\n<\/div>\n\n<div class=\"wp-block-image\">\n<figure class=\"aligncenter size-large\"><img decoding=\"async\" src=\"https:\/\/www.pomisna.info\/wp-content\/uploads\/2022\/09\/dsc_2807.jpg\" alt=\"\"\/><\/figure>\n<\/div>\n\n<div class=\"wp-block-image\">\n<figure class=\"aligncenter size-large\"><img decoding=\"async\" src=\"https:\/\/www.pomisna.info\/wp-content\/uploads\/2022\/09\/dsc_2813.jpg\" alt=\"\"\/><\/figure>\n<\/div>\n\n<div class=\"wp-block-image\">\n<figure class=\"aligncenter size-large\"><img decoding=\"async\" src=\"https:\/\/www.pomisna.info\/wp-content\/uploads\/2022\/09\/dsc_2821.jpg\" alt=\"\"\/><\/figure>\n<\/div>\n\n<div class=\"wp-block-image\">\n<figure class=\"aligncenter size-large\"><img decoding=\"async\" src=\"https:\/\/www.pomisna.info\/wp-content\/uploads\/2022\/09\/dsc_0251.jpg\" alt=\"\"\/><\/figure>\n<\/div>\n\n<div class=\"wp-block-image\">\n<figure class=\"aligncenter size-large\"><img decoding=\"async\" src=\"https:\/\/www.pomisna.info\/wp-content\/uploads\/2022\/09\/dsc_2825.jpg\" alt=\"\"\/><\/figure>\n<\/div>\n\n<div class=\"wp-block-image\">\n<figure class=\"aligncenter size-large\"><img decoding=\"async\" src=\"https:\/\/www.pomisna.info\/wp-content\/uploads\/2022\/09\/dsc_2847.jpg\" alt=\"\"\/><\/figure>\n<\/div>\n\n<div class=\"wp-block-image\">\n<figure class=\"aligncenter size-large\"><img decoding=\"async\" src=\"https:\/\/www.pomisna.info\/wp-content\/uploads\/2022\/09\/dsc_2849.jpg\" alt=\"\"\/><\/figure>\n<\/div>\n\n<div class=\"wp-block-image\">\n<figure class=\"aligncenter size-large\"><img decoding=\"async\" src=\"https:\/\/www.pomisna.info\/wp-content\/uploads\/2022\/09\/dsc_2857.jpg\" alt=\"\"\/><\/figure>\n<\/div>\n\n<div class=\"wp-block-image\">\n<figure class=\"aligncenter size-large\"><img decoding=\"async\" src=\"https:\/\/www.pomisna.info\/wp-content\/uploads\/2022\/09\/dsc_2861.jpg\" alt=\"\"\/><\/figure>\n<\/div>\n\n<div class=\"wp-block-image\">\n<figure class=\"aligncenter size-large\"><img decoding=\"async\" src=\"https:\/\/www.pomisna.info\/wp-content\/uploads\/2022\/09\/dsc_2873.jpg\" alt=\"\"\/><\/figure>\n<\/div>\n\n<div class=\"wp-block-image\">\n<figure class=\"aligncenter size-large\"><img decoding=\"async\" src=\"https:\/\/www.pomisna.info\/wp-content\/uploads\/2022\/09\/dsc_2874.jpg\" alt=\"\"\/><\/figure>\n<\/div>\n\n<div class=\"wp-block-image\">\n<figure class=\"aligncenter size-large\"><img decoding=\"async\" src=\"https:\/\/www.pomisna.info\/wp-content\/uploads\/2022\/09\/dsc_2879.jpg\" alt=\"\"\/><\/figure>\n<\/div>\n\n<div class=\"wp-block-image\">\n<figure class=\"aligncenter size-large\"><img decoding=\"async\" src=\"https:\/\/www.pomisna.info\/wp-content\/uploads\/2022\/09\/dsc_2889.jpg\" alt=\"\"\/><\/figure>\n<\/div>\n\n<div class=\"wp-block-image\">\n<figure class=\"aligncenter size-large\"><img decoding=\"async\" src=\"https:\/\/www.pomisna.info\/wp-content\/uploads\/2022\/09\/dsc_2910.jpg\" alt=\"\"\/><\/figure>\n<\/div>","protected":false},"excerpt":{"rendered":"<p>Despu\u00e9s de llegar al puerto de la ciudad de Tasos -el asentamiento m\u00e1s grande de la isla, que tambi\u00e9n lleva su nombre- el 3 de septiembre de 2022, despu\u00e9s del mediod\u00eda, el patriarca ecum\u00e9nico Bartolom\u00e9, arzobispo de Atenas y All Hellas Hieronymus y metropolitano de Kyiv y All Ucrania Epifanio, as\u00ed como numerosos jerarcas y [&hellip;]<\/p>\n","protected":false},"author":1,"featured_media":899,"comment_status":"closed","ping_status":"closed","sticky":false,"template":"","format":"standard","meta":{"om_disable_all_campaigns":false,"_monsterinsights_skip_tracking":false,"_monsterinsights_sitenote_active":false,"_monsterinsights_sitenote_note":"","_monsterinsights_sitenote_category":0,"_s2mail":"","footnotes":""},"categories":[2],"tags":[],"class_list":["post-898","post","type-post","status-publish","format-standard","has-post-thumbnail","hentry","category-noticias"],"aioseo_notices":[],"_links":{"self":[{"href":"https:\/\/orthodoxs.org\/index.php?rest_route=\/wp\/v2\/posts\/898","targetHints":{"allow":["GET"]}}],"collection":[{"href":"https:\/\/orthodoxs.org\/index.php?rest_route=\/wp\/v2\/posts"}],"about":[{"href":"https:\/\/orthodoxs.org\/index.php?rest_route=\/wp\/v2\/types\/post"}],"author":[{"embeddable":true,"href":"https:\/\/orthodoxs.org\/index.php?rest_route=\/wp\/v2\/users\/1"}],"replies":[{"embeddable":true,"href":"https:\/\/orthodoxs.org\/index.php?rest_route=%2Fwp%2Fv2%2Fcomments&post=898"}],"version-history":[{"count":2,"href":"https:\/\/orthodoxs.org\/index.php?rest_route=\/wp\/v2\/posts\/898\/revisions"}],"predecessor-version":[{"id":903,"href":"https:\/\/orthodoxs.org\/index.php?rest_route=\/wp\/v2\/posts\/898\/revisions\/903"}],"wp:featuredmedia":[{"embeddable":true,"href":"https:\/\/orthodoxs.org\/index.php?rest_route=\/wp\/v2\/media\/899"}],"wp:attachment":[{"href":"https:\/\/orthodoxs.org\/index.php?rest_route=%2Fwp%2Fv2%2Fmedia&parent=898"}],"wp:term":[{"taxonomy":"category","embeddable":true,"href":"https:\/\/orthodoxs.org\/index.php?rest_route=%2Fwp%2Fv2%2Fcategories&post=898"},{"taxonomy":"post_tag","embeddable":true,"href":"https:\/\/orthodoxs.org\/index.php?rest_route=%2Fwp%2Fv2%2Ftags&post=898"}],"curies":[{"name":"wp","href":"https:\/\/api.w.org\/{rel}","templated":true}]}}