{"id":895,"date":"2022-09-04T08:41:50","date_gmt":"2022-09-04T08:41:50","guid":{"rendered":"https:\/\/orthodoxs.org\/?p=895"},"modified":"2022-09-04T08:41:52","modified_gmt":"2022-09-04T08:41:52","slug":"comienza-la-visita-del-primado-de-la-iglesia-ortodoxa-de-ucrania-a-grecia","status":"publish","type":"post","link":"https:\/\/orthodoxs.org\/?p=895","title":{"rendered":"Comienza la visita del Primado de la Iglesia Ortodoxa de Ucrania a Grecia"},"content":{"rendered":"<p><span style=\"color: #000000;\">El 3 de septiembre de 2022 comenz\u00f3 la primera visita oficial de Su Beatitud el Metropolitano Epifanio de Kyiv y Toda Ucrania a Grecia como Primado de la Iglesia Ortodoxa de Ucrania.<\/span><\/p>\n<p><span style=\"color: #000000;\">Con la bendici\u00f3n de Su Santidad el Patriarca Ecum\u00e9nico Bartolom\u00e9, en cuya jurisdicci\u00f3n can\u00f3nica se encuentra la metr\u00f3poli local, el Metropolita Stefan de Filipos, N\u00e1poles y Thassos envi\u00f3 una invitaci\u00f3n a trav\u00e9s del Santo S\u00ednodo de la Iglesia de Grecia al Primado de la OCU junto con un delegaci\u00f3n para asistir a las celebraciones con motivo de la conmemoraci\u00f3n de la Catedral de los Santos de Thassos.<\/span><\/p>\n<p><span style=\"color: #000000;\">Esta invitaci\u00f3n lleg\u00f3 a principios de marzo de este a\u00f1o.\u00a0Gracias al hecho de que el pueblo ucraniano y las Fuerzas Armadas de Ucrania hicieron retroceder a los agresores rusos de Kyiv, esta visita fue posible.\u00a0El a\u00f1o pasado, el metropolitano Stefan fue miembro de la delegaci\u00f3n patriarcal durante la visita de Su Santidad el Patriarca Ecum\u00e9nico Bartolom\u00e9 a Ucrania.\u00a0Al mismo tiempo, comunic\u00f3 personalmente al Primado de la OCU su deseo de invitarlo al Metropolitano de Philippi-Tasos el pr\u00f3ximo a\u00f1o.<\/span><\/p>\n<p><span style=\"color: #000000;\">En su viaje a Grecia, Su Beatitud el Metropolita Epifanio est\u00e1 acompa\u00f1ado por el Secretario Jefe del Santo S\u00ednodo de la OCU, el Metropolita Simeon de Vinnytsia y Barsky, y el Jefe Adjunto del Departamento de Relaciones Eclesi\u00e1sticas Externas, el Arzobispo Evstratiy de Chernihiv y Nizhyn, as\u00ed como el clero: el arcipreste Vasyl Lylo, el arcipreste Ivan Sydor, el archidi\u00e1cono Vladyslav Demchenko y el di\u00e1cono Andriy Sydor.<\/span><\/p>\n<p><span style=\"color: #000000;\">El 3 de septiembre al mediod\u00eda en el aeropuerto local cerca de la ciudad de Kavala, el centro moderno de la metr\u00f3polis, construido junto a la antigua Filipos, el patriarca ecum\u00e9nico Bartolom\u00e9, arzobispo de Atenas y All Hellas Hieronymus, cabeza del Santo S\u00ednodo de la Iglesia de Grecia, y se reuni\u00f3 Su Beatitud el Metropolita Epifanio de Kiev y Toda Ucrania, a quien tambi\u00e9n se uni\u00f3 a las celebraciones el representante oficial de las autoridades de la Rep\u00fablica Hel\u00e9nica, Ministro de Defensa Nacional Nikolaos Panaiotopoulos, natural de Kavala.<\/span><\/p>\n<p><span style=\"color: #000000;\">Durante la conversaci\u00f3n, los Superiores expresaron su alegr\u00eda mutua por la oportunidad de celebrar, en particular, de celebrar una Divina Liturgia conjunta.\u00a0\u201cNuestra Iglesia y el pueblo ucraniano est\u00e1n agradecidos con Su Santidad y Su Beatitud por su apoyo, ayuda y oraci\u00f3n durante la guerra rusa no provocada en curso contra nuestro estado\u201d, enfatiz\u00f3 Metropolitan Epiphany.<\/span><\/p>\n<p><span style=\"color: #000000;\">Tambi\u00e9n por separado, Su Beatitud, a trav\u00e9s del Sr. Panaiotopoulos, expres\u00f3 su agradecimiento al Gobierno y al pueblo de Grecia por la ayuda humanitaria, el apoyo material, militar, diplom\u00e1tico y moral durante la exitosa resistencia a los invasores rusos.<\/span><\/p>\n<p><span style=\"color: #000000;\">Despu\u00e9s de la reuni\u00f3n, los prelados junto con los acompa\u00f1antes partieron hacia el puerto local, desde donde partieron por mar hacia la isla de Thassos.\u00a0Junto con ellos, lleg\u00f3 a la isla el \u00edcono de la Catedral de los Santos de Tasos, que fue recibido solemnemente en el terrapl\u00e9n.<\/span><\/p>\n<p><span style=\"color: #000000;\">La metr\u00f3polis de Philippi, N\u00e1poles y Thassos se encuentra a 150 kil\u00f3metros al este de la ciudad de Thessaloniki.\u00a0Aqu\u00ed, en la antigua ciudad de Filipos, que fue destruida durante la conquista turca de los Balcanes en 1400, el ap\u00f3stol Pablo predic\u00f3 el Evangelio por primera vez en el continente europeo, form\u00f3 una comunidad eclesial y realiz\u00f3 los primeros bautismos.\u00a0Uno de los libros del Nuevo Testamento es la Ep\u00edstola del Ap\u00f3stol Pablo a los Filipenses.<\/span><\/p>\n\n<div class=\"wp-block-image\">\n<figure class=\"aligncenter size-large\"><img decoding=\"async\" src=\"https:\/\/www.pomisna.info\/wp-content\/uploads\/2022\/09\/dsc_2560.jpg\" alt=\"\"\/><\/figure>\n<\/div>\n\n<div class=\"wp-block-image\">\n<figure class=\"aligncenter size-large\"><img decoding=\"async\" src=\"https:\/\/www.pomisna.info\/wp-content\/uploads\/2022\/09\/dsc_2562.jpg\" alt=\"\"\/><\/figure>\n<\/div>\n\n<div class=\"wp-block-image\">\n<figure class=\"aligncenter size-large\"><img decoding=\"async\" src=\"https:\/\/www.pomisna.info\/wp-content\/uploads\/2022\/09\/dsc_2569.jpg\" alt=\"\"\/><\/figure>\n<\/div>\n\n<div class=\"wp-block-image\">\n<figure class=\"aligncenter size-large\"><img decoding=\"async\" src=\"https:\/\/www.pomisna.info\/wp-content\/uploads\/2022\/09\/dsc_2574.jpg\" alt=\"\"\/><\/figure>\n<\/div>\n\n<div class=\"wp-block-image\">\n<figure class=\"aligncenter size-large\"><img decoding=\"async\" src=\"https:\/\/www.pomisna.info\/wp-content\/uploads\/2022\/09\/dsc_2579.jpg\" alt=\"\"\/><\/figure>\n<\/div>\n\n<div class=\"wp-block-image\">\n<figure class=\"aligncenter size-large\"><img decoding=\"async\" src=\"https:\/\/www.pomisna.info\/wp-content\/uploads\/2022\/09\/dsc_2595.jpg\" alt=\"\"\/><\/figure>\n<\/div>\n\n<div class=\"wp-block-image\">\n<figure class=\"aligncenter size-large\"><img decoding=\"async\" src=\"https:\/\/www.pomisna.info\/wp-content\/uploads\/2022\/09\/dsc_2597.jpg\" alt=\"\"\/><\/figure>\n<\/div>\n\n<div class=\"wp-block-image\">\n<figure class=\"aligncenter size-large\"><img decoding=\"async\" src=\"https:\/\/www.pomisna.info\/wp-content\/uploads\/2022\/09\/dsc_2604.jpg\" alt=\"\"\/><\/figure>\n<\/div>\n\n<div class=\"wp-block-image\">\n<figure class=\"aligncenter size-large\"><img decoding=\"async\" src=\"https:\/\/www.pomisna.info\/wp-content\/uploads\/2022\/09\/dsc_2609.jpg\" alt=\"\"\/><\/figure>\n<\/div>\n\n<div class=\"wp-block-image\">\n<figure class=\"aligncenter size-large\"><img decoding=\"async\" src=\"https:\/\/www.pomisna.info\/wp-content\/uploads\/2022\/09\/dsc_2623.jpg\" alt=\"\"\/><\/figure>\n<\/div>\n\n<div class=\"wp-block-image\">\n<figure class=\"aligncenter size-large\"><img decoding=\"async\" src=\"https:\/\/www.pomisna.info\/wp-content\/uploads\/2022\/09\/dsc_2629.jpg\" alt=\"\"\/><\/figure>\n<\/div>\n\n<div class=\"wp-block-image\">\n<figure class=\"aligncenter size-large\"><img decoding=\"async\" src=\"https:\/\/www.pomisna.info\/wp-content\/uploads\/2022\/09\/dsc_2635.jpg\" alt=\"\"\/><\/figure>\n<\/div>\n\n<div class=\"wp-block-image\">\n<figure class=\"aligncenter size-large\"><img decoding=\"async\" src=\"https:\/\/www.pomisna.info\/wp-content\/uploads\/2022\/09\/dsc_2646.jpg\" alt=\"\"\/><\/figure>\n<\/div>","protected":false},"excerpt":{"rendered":"<p>El 3 de septiembre de 2022 comenz\u00f3 la primera visita oficial de Su Beatitud el Metropolitano Epifanio de Kyiv y Toda Ucrania a Grecia como Primado de la Iglesia Ortodoxa de Ucrania. Con la bendici\u00f3n de Su Santidad el Patriarca Ecum\u00e9nico Bartolom\u00e9, en cuya jurisdicci\u00f3n can\u00f3nica se encuentra la metr\u00f3poli local, el Metropolita Stefan de [&hellip;]<\/p>\n","protected":false},"author":1,"featured_media":896,"comment_status":"closed","ping_status":"closed","sticky":false,"template":"","format":"standard","meta":{"om_disable_all_campaigns":false,"_monsterinsights_skip_tracking":false,"_monsterinsights_sitenote_active":false,"_monsterinsights_sitenote_note":"","_monsterinsights_sitenote_category":0,"_s2mail":"","footnotes":""},"categories":[2],"tags":[],"class_list":["post-895","post","type-post","status-publish","format-standard","has-post-thumbnail","hentry","category-noticias"],"aioseo_notices":[],"_links":{"self":[{"href":"https:\/\/orthodoxs.org\/index.php?rest_route=\/wp\/v2\/posts\/895","targetHints":{"allow":["GET"]}}],"collection":[{"href":"https:\/\/orthodoxs.org\/index.php?rest_route=\/wp\/v2\/posts"}],"about":[{"href":"https:\/\/orthodoxs.org\/index.php?rest_route=\/wp\/v2\/types\/post"}],"author":[{"embeddable":true,"href":"https:\/\/orthodoxs.org\/index.php?rest_route=\/wp\/v2\/users\/1"}],"replies":[{"embeddable":true,"href":"https:\/\/orthodoxs.org\/index.php?rest_route=%2Fwp%2Fv2%2Fcomments&post=895"}],"version-history":[{"count":1,"href":"https:\/\/orthodoxs.org\/index.php?rest_route=\/wp\/v2\/posts\/895\/revisions"}],"predecessor-version":[{"id":897,"href":"https:\/\/orthodoxs.org\/index.php?rest_route=\/wp\/v2\/posts\/895\/revisions\/897"}],"wp:featuredmedia":[{"embeddable":true,"href":"https:\/\/orthodoxs.org\/index.php?rest_route=\/wp\/v2\/media\/896"}],"wp:attachment":[{"href":"https:\/\/orthodoxs.org\/index.php?rest_route=%2Fwp%2Fv2%2Fmedia&parent=895"}],"wp:term":[{"taxonomy":"category","embeddable":true,"href":"https:\/\/orthodoxs.org\/index.php?rest_route=%2Fwp%2Fv2%2Fcategories&post=895"},{"taxonomy":"post_tag","embeddable":true,"href":"https:\/\/orthodoxs.org\/index.php?rest_route=%2Fwp%2Fv2%2Ftags&post=895"}],"curies":[{"name":"wp","href":"https:\/\/api.w.org\/{rel}","templated":true}]}}