{"id":893,"date":"2022-09-04T08:27:20","date_gmt":"2022-09-04T08:27:20","guid":{"rendered":"https:\/\/orthodoxs.org\/?p=893"},"modified":"2022-09-04T08:27:21","modified_gmt":"2022-09-04T08:27:21","slug":"la-delegacion-de-la-ocu-participa-por-primera-vez-en-la-asamblea-del-consejo-mundial-de-iglesias","status":"publish","type":"post","link":"https:\/\/orthodoxs.org\/?p=893","title":{"rendered":"La delegaci\u00f3n de la OCU participa por primera vez en la Asamblea del Consejo Mundial de Iglesias"},"content":{"rendered":"<p><span style=\"color: #000000;\">El 31 de agosto de 2022, la 11\u00aa Asamblea del Consejo Mundial de Iglesias, la mayor asociaci\u00f3n de varias denominaciones cristianas de todo el mundo, fundada en 1948, inici\u00f3 sus trabajos en la ciudad de Karlsruhe (Baden-W\u00fcrttemberg, Alemania).\u00a0La asamblea se realiza una vez cada 8 a\u00f1os en diferentes partes del mundo y la actual es la primera desde 1968 que se realiza en Europa.<\/span><\/p>\n<p><span style=\"color: #000000;\">En abril de 2022, la OCU present\u00f3 una solicitud oficial de adhesi\u00f3n a la VRC, que inici\u00f3 el procedimiento correspondiente.\u00a0En tal car\u00e1cter, la delegaci\u00f3n de la OCU en calidad de observadores oficiales fue invitada a participar en la Asamblea.\u00a0Con la bendici\u00f3n del Primado y por decisi\u00f3n del S\u00ednodo, la delegaci\u00f3n inclu\u00eda al arzobispo Evstratiy de Chernihiv y Nizhyn, jefe adjunto del Departamento de Relaciones Eclesi\u00e1sticas Externas, el arcipreste Rostyslav Vorobiy, secretario de la Comisi\u00f3n Sinodal de Relaciones Intercristianas, y dos representantes de la juventud ortodoxa: Roman Sigov y Oleksandra Kovalenko.<\/span><\/p>\n<p><span style=\"color: #000000;\">En el primer d\u00eda de trabajo, el Presidente Federal de Alemania, Frank-Walter Steinmeier, se dirigi\u00f3 a m\u00e1s de 5.000 participantes e invitados del foro.\u00a0En su discurso, conden\u00f3 en\u00e9rgicamente la posici\u00f3n de la Iglesia Ortodoxa Rusa de apoyar la agresi\u00f3n de Putin contra Ucrania.\u00a0En particular, dijo:<\/span><\/p>\n<p><span style=\"color: #000000;\">&#8220;El liderazgo de la Iglesia Ortodoxa Rusa se uni\u00f3 a los cr\u00edmenes de guerra contra Ucrania.\u00a0Esta ideolog\u00eda totalitaria, disfrazada de teolog\u00eda, condujo a la destrucci\u00f3n total o parcial de muchos objetos religiosos en el territorio de Ucrania: iglesias, mezquitas, sinagogas, edificios educativos y administrativos pertenecientes a comunidades religiosas.\u00a0Ning\u00fan cristiano que a\u00fan posea su fe, su mente y sus sentimientos podr\u00e1 ver en esto la voluntad de Dios\u201d.<\/span><\/p>\n<p><span style=\"color: #000000;\">Antes del inicio del discurso, a pedido de la parte alemana, hubo una breve conversaci\u00f3n con el presidente de Alemania, as\u00ed como con los l\u00edderes del estado de Baden-W\u00fcrttemberg y la ciudad de Karlsruhe.\u00a0Los representantes de Ucrania agradecieron la ayuda humanitaria y otro tipo de apoyo que su pueblo de Alemania brinda a Ucrania y a los refugiados ucranianos que han encontrado refugio en Alemania.<\/span><\/p>\n<p><span style=\"color: #000000;\">Despu\u00e9s del discurso del Sr. Steinmeier, la conversaci\u00f3n continu\u00f3.\u00a0En particular, el presidente se interes\u00f3 por las relaciones de la OCU con el Patriarcado de Mosc\u00fa, procesos religiosos en Ucrania.<\/span><\/p>\n<p><span style=\"color: #000000;\">Al d\u00eda siguiente, 1 de septiembre, al margen del foro, la delegaci\u00f3n de la OCU present\u00f3 una solicitud oficial de ingreso en esta organizaci\u00f3n representativa a la direcci\u00f3n de la Conferencia de Iglesias Europeas.<\/span><\/p>\n<p><span style=\"color: #000000;\">El 2 de septiembre, en la primera mitad del d\u00eda, se llev\u00f3 a cabo una sesi\u00f3n plenaria de la Asamblea, dedicada a temas europeos y principalmente a la guerra de Ucrania y sus consecuencias.\u00a0El arzobispo Evstratiy pronunci\u00f3 un discurso antes de la reuni\u00f3n y Roman Sigov particip\u00f3 en la discusi\u00f3n, presentando la posici\u00f3n de la OCU.<\/span><\/p>\n<p><span style=\"color: #000000;\">Adem\u00e1s, despu\u00e9s de la reuni\u00f3n, Monse\u00f1or Evstratiy particip\u00f3 en una conferencia de prensa oficial junto con el Secretario General de la Conferencia de Iglesias Europeas, Dr. J\u00f8rgen Skov S\u00f8rensen de Dinamarca, respondiendo a numerosas preguntas de los corresponsales.<\/span><\/p>\n<p><span style=\"color: #000000;\">Los trabajos de la Asamblea continuar\u00e1n hasta el 8 de septiembre.<\/span><\/p>\n\n<div class=\"wp-block-image\">\n<figure class=\"aligncenter size-large\"><img decoding=\"async\" src=\"https:\/\/www.pomisna.info\/wp-content\/uploads\/2022\/09\/germany-2022-hillert-20220902_ah2_2116.jpg\" alt=\"\"\/><\/figure>\n<\/div>\n\n<div class=\"wp-block-image\">\n<figure class=\"aligncenter size-large\"><img decoding=\"async\" src=\"https:\/\/www.pomisna.info\/wp-content\/uploads\/2022\/09\/seanhawkey_20220902__75328.jpg\" alt=\"\"\/><\/figure>\n<\/div>\n\n<div class=\"wp-block-image\">\n<figure class=\"aligncenter size-large\"><img decoding=\"async\" src=\"https:\/\/www.pomisna.info\/wp-content\/uploads\/2022\/09\/seanhawkey_20220902__75326.jpg\" alt=\"\"\/><\/figure>\n<\/div>\n\n<div class=\"wp-block-image\">\n<figure class=\"aligncenter size-large\"><img decoding=\"async\" src=\"https:\/\/www.pomisna.info\/wp-content\/uploads\/2022\/09\/seanhawkey_20220831__75195.jpg\" alt=\"\"\/><\/figure>\n<\/div>\n\n<div class=\"wp-block-image\">\n<figure class=\"aligncenter size-large\"><img decoding=\"async\" src=\"https:\/\/www.pomisna.info\/wp-content\/uploads\/2022\/09\/whatsapp-image-2022-09-02-at-21.39.56.jpeg\" alt=\"\"\/><\/figure>\n<\/div>","protected":false},"excerpt":{"rendered":"<p>El 31 de agosto de 2022, la 11\u00aa Asamblea del Consejo Mundial de Iglesias, la mayor asociaci\u00f3n de varias denominaciones cristianas de todo el mundo, fundada en 1948, inici\u00f3 sus trabajos en la ciudad de Karlsruhe (Baden-W\u00fcrttemberg, Alemania).\u00a0La asamblea se realiza una vez cada 8 a\u00f1os en diferentes partes del mundo y la actual es [&hellip;]<\/p>\n","protected":false},"author":1,"featured_media":129,"comment_status":"closed","ping_status":"closed","sticky":false,"template":"","format":"standard","meta":{"om_disable_all_campaigns":false,"_monsterinsights_skip_tracking":false,"_monsterinsights_sitenote_active":false,"_monsterinsights_sitenote_note":"","_monsterinsights_sitenote_category":0,"_s2mail":"","footnotes":""},"categories":[2],"tags":[],"class_list":["post-893","post","type-post","status-publish","format-standard","has-post-thumbnail","hentry","category-noticias"],"aioseo_notices":[],"_links":{"self":[{"href":"https:\/\/orthodoxs.org\/index.php?rest_route=\/wp\/v2\/posts\/893","targetHints":{"allow":["GET"]}}],"collection":[{"href":"https:\/\/orthodoxs.org\/index.php?rest_route=\/wp\/v2\/posts"}],"about":[{"href":"https:\/\/orthodoxs.org\/index.php?rest_route=\/wp\/v2\/types\/post"}],"author":[{"embeddable":true,"href":"https:\/\/orthodoxs.org\/index.php?rest_route=\/wp\/v2\/users\/1"}],"replies":[{"embeddable":true,"href":"https:\/\/orthodoxs.org\/index.php?rest_route=%2Fwp%2Fv2%2Fcomments&post=893"}],"version-history":[{"count":1,"href":"https:\/\/orthodoxs.org\/index.php?rest_route=\/wp\/v2\/posts\/893\/revisions"}],"predecessor-version":[{"id":894,"href":"https:\/\/orthodoxs.org\/index.php?rest_route=\/wp\/v2\/posts\/893\/revisions\/894"}],"wp:featuredmedia":[{"embeddable":true,"href":"https:\/\/orthodoxs.org\/index.php?rest_route=\/wp\/v2\/media\/129"}],"wp:attachment":[{"href":"https:\/\/orthodoxs.org\/index.php?rest_route=%2Fwp%2Fv2%2Fmedia&parent=893"}],"wp:term":[{"taxonomy":"category","embeddable":true,"href":"https:\/\/orthodoxs.org\/index.php?rest_route=%2Fwp%2Fv2%2Fcategories&post=893"},{"taxonomy":"post_tag","embeddable":true,"href":"https:\/\/orthodoxs.org\/index.php?rest_route=%2Fwp%2Fv2%2Ftags&post=893"}],"curies":[{"name":"wp","href":"https:\/\/api.w.org\/{rel}","templated":true}]}}