{"id":878,"date":"2022-09-02T03:35:45","date_gmt":"2022-09-02T03:35:45","guid":{"rendered":"https:\/\/orthodoxs.org\/?p=878"},"modified":"2022-09-02T03:35:46","modified_gmt":"2022-09-02T03:35:46","slug":"el-primado-honro-a-los-soldados-y-benefactores-ucranianos","status":"publish","type":"post","link":"https:\/\/orthodoxs.org\/?p=878","title":{"rendered":"El Primado honr\u00f3 a los soldados y benefactores ucranianos"},"content":{"rendered":"<p>El 29 de agosto de 2022, Su Beatitud Epifan\u00edo Metropolita de Kyiv y Toda Ucrania recibi\u00f3 a representantes del Consejo de Comunidades Nacionales de Ucrania, soldados ucranianos, pol\u00edticos, voluntarios y figuras p\u00fablicas en su residencia, la Casa Metropolitana.<\/p>\n<p>El jefe de la Iglesia ortodoxa ucraniana autoc\u00e9fala habl\u00f3 con los invitados y los honr\u00f3 con premios eclesi\u00e1sticos.<\/p>\n<p>\u201cTenemos un estado con profundas ra\u00edces hist\u00f3ricas, lo que nos da fuerza y \u200b\u200bconfianza.\u00a0El enemigo es incapaz de construir su ideolog\u00eda sin nuestra historia, por lo que busca capturarla tambi\u00e9n.\u00a0Por eso es tan importante nuestra verdadera historia, nuestra identidad cultural y espiritual.\u00a0Rusia busca destruirnos, pero nunca lo lograr\u00e1, porque la verdad y Dios est\u00e1n detr\u00e1s de nosotros\u201d, se\u00f1al\u00f3 Su Beatitud Obispo.<\/p>\n\n<div class=\"wp-block-image\">\n<figure class=\"aligncenter size-large\"><img decoding=\"async\" src=\"https:\/\/www.pomisna.info\/wp-content\/uploads\/2022\/08\/2-4.jpg\" alt=\"\"\/><\/figure>\n<\/div>\n\n<div class=\"wp-block-image\">\n<figure class=\"aligncenter size-large\"><img decoding=\"async\" src=\"https:\/\/www.pomisna.info\/wp-content\/uploads\/2022\/08\/dsc_2048.jpg\" alt=\"\"\/><\/figure>\n<\/div>\n\n<div class=\"wp-block-image\">\n<figure class=\"aligncenter size-large\"><img decoding=\"async\" src=\"https:\/\/www.pomisna.info\/wp-content\/uploads\/2022\/08\/dsc_2055.jpg\" alt=\"\"\/><\/figure>\n<\/div>\n\n<div class=\"wp-block-image\">\n<figure class=\"aligncenter size-large\"><img decoding=\"async\" src=\"https:\/\/www.pomisna.info\/wp-content\/uploads\/2022\/08\/dsc_2056.jpg\" alt=\"\"\/><\/figure>\n<\/div>\n\n<div class=\"wp-block-image\">\n<figure class=\"aligncenter size-large\"><img decoding=\"async\" src=\"https:\/\/www.pomisna.info\/wp-content\/uploads\/2022\/08\/dsc_2063.jpg\" alt=\"\"\/><\/figure>\n<\/div>\n\n<div class=\"wp-block-image\">\n<figure class=\"aligncenter size-large\"><img decoding=\"async\" src=\"https:\/\/www.pomisna.info\/wp-content\/uploads\/2022\/08\/dsc_2067.jpg\" alt=\"\"\/><\/figure>\n<\/div>\n\n<div class=\"wp-block-image\">\n<figure class=\"aligncenter size-large\"><img decoding=\"async\" src=\"https:\/\/www.pomisna.info\/wp-content\/uploads\/2022\/08\/dsc_2126.jpg\" alt=\"\"\/><\/figure>\n<\/div>","protected":false},"excerpt":{"rendered":"<p>El 29 de agosto de 2022, Su Beatitud Epifan\u00edo Metropolita de Kyiv y Toda Ucrania recibi\u00f3 a representantes del Consejo de Comunidades Nacionales de Ucrania, soldados ucranianos, pol\u00edticos, voluntarios y figuras p\u00fablicas en su residencia, la Casa Metropolitana. El jefe de la Iglesia ortodoxa ucraniana autoc\u00e9fala habl\u00f3 con los invitados y los honr\u00f3 con premios [&hellip;]<\/p>\n","protected":false},"author":1,"featured_media":50,"comment_status":"closed","ping_status":"closed","sticky":false,"template":"","format":"standard","meta":{"om_disable_all_campaigns":false,"_monsterinsights_skip_tracking":false,"_monsterinsights_sitenote_active":false,"_monsterinsights_sitenote_note":"","_monsterinsights_sitenote_category":0,"_s2mail":"","footnotes":""},"categories":[2],"tags":[],"class_list":["post-878","post","type-post","status-publish","format-standard","has-post-thumbnail","hentry","category-noticias"],"aioseo_notices":[],"_links":{"self":[{"href":"https:\/\/orthodoxs.org\/index.php?rest_route=\/wp\/v2\/posts\/878","targetHints":{"allow":["GET"]}}],"collection":[{"href":"https:\/\/orthodoxs.org\/index.php?rest_route=\/wp\/v2\/posts"}],"about":[{"href":"https:\/\/orthodoxs.org\/index.php?rest_route=\/wp\/v2\/types\/post"}],"author":[{"embeddable":true,"href":"https:\/\/orthodoxs.org\/index.php?rest_route=\/wp\/v2\/users\/1"}],"replies":[{"embeddable":true,"href":"https:\/\/orthodoxs.org\/index.php?rest_route=%2Fwp%2Fv2%2Fcomments&post=878"}],"version-history":[{"count":1,"href":"https:\/\/orthodoxs.org\/index.php?rest_route=\/wp\/v2\/posts\/878\/revisions"}],"predecessor-version":[{"id":879,"href":"https:\/\/orthodoxs.org\/index.php?rest_route=\/wp\/v2\/posts\/878\/revisions\/879"}],"wp:featuredmedia":[{"embeddable":true,"href":"https:\/\/orthodoxs.org\/index.php?rest_route=\/wp\/v2\/media\/50"}],"wp:attachment":[{"href":"https:\/\/orthodoxs.org\/index.php?rest_route=%2Fwp%2Fv2%2Fmedia&parent=878"}],"wp:term":[{"taxonomy":"category","embeddable":true,"href":"https:\/\/orthodoxs.org\/index.php?rest_route=%2Fwp%2Fv2%2Fcategories&post=878"},{"taxonomy":"post_tag","embeddable":true,"href":"https:\/\/orthodoxs.org\/index.php?rest_route=%2Fwp%2Fv2%2Ftags&post=878"}],"curies":[{"name":"wp","href":"https:\/\/api.w.org\/{rel}","templated":true}]}}