{"id":876,"date":"2022-09-02T02:54:13","date_gmt":"2022-09-02T02:54:13","guid":{"rendered":"https:\/\/orthodoxs.org\/?p=876"},"modified":"2022-09-02T02:54:15","modified_gmt":"2022-09-02T02:54:15","slug":"servicio-conmemorativo-en-el-dia-del-recuerdo-de-los-defensores-de-ucrania-que-murieron-por-la-patria","status":"publish","type":"post","link":"https:\/\/orthodoxs.org\/?p=876","title":{"rendered":"Servicio conmemorativo en el D\u00eda del Recuerdo de los defensores de Ucrania que murieron por la Patria"},"content":{"rendered":"<p>El 29 de agosto de 2022, en el D\u00eda del Recuerdo de los defensores de Ucrania que dieron su vida por la independencia, la soberan\u00eda y la integridad territorial de nuestro pa\u00eds, Su Beatitud Epifan\u00edo Metropolitano de Kiev y Toda Ucrania celebr\u00f3 un servicio conmemorativo cerca del &#8220;Muro de la Memoria&#8221;. &#8221; ubicado en las paredes del monasterio de St. Mykhailivskyi Zolotoverkhi.<\/p>\n<p>Su Beatitud fue co-atendida por el vicario del Monasterio de Zolotovercha, el Arzobispo Agapit de Vyshgorod, los venerables hermanos del monasterio y el clero invitado.<\/p>\n<p>Al final de la despedida, el Primado de la Iglesia ortodoxa ucraniana autoc\u00e9fala deposit\u00f3 flores en el memorial de los h\u00e9roes ca\u00eddos.<\/p>\n<p>M\u00e1s de 4000 fotos de los h\u00e9roes m\u00e1s nuevos se colocan en el &#8220;Muro de la Memoria&#8221;.\u00a0Pero estas fotos se publicaron antes del comienzo de la invasi\u00f3n a gran escala de la Federaci\u00f3n Rusa, hasta el 24 de febrero.\u00a0Desafortunadamente, esta guerra cruel y terrible contin\u00faa hasta el d\u00eda de hoy y diariamente cobra muchas vidas de nuestros hermanos y hermanas que nos protegen.\u00a0Oramos por ellos, mostr\u00e1ndoles nuestro amor a cambio del amor que nos mostraron a nosotros, a nuestra tierra ucraniana dada por Dios, defendiendo nuestra integridad territorial\u201d, dijo\u00a0Metropolitan Epiphany\u00a0.<\/p>\n<p>El Primado enfatiz\u00f3 que no tenemos derecho a olvidar todos esos sacrificios que fueron puestos en el altar de nuestra Independencia.<br \/>&#8220;Debemos continuar orando por aquellos que se han ido a la eternidad.\u00a0Y para aquellos que actualmente defienden nuestra tierra, ofrecemos oraciones por la salud.\u00a0Y tambi\u00e9n &#8211; para todos sus familiares, que el Se\u00f1or los fortalezca, les d\u00e9 la fuerza para seguir trabajando dignamente y hacer todo lo posible para acercar nuestra victoria, &#8211; se\u00f1al\u00f3 el Primado.\u00a0&#8211; Que el Se\u00f1or descanse en el Reino de los Cielos a las almas de los h\u00e9roes ca\u00eddos.\u00a0Y de nosotros a ellos una profunda reverencia, honor y memoria eterna&#8221;.<\/p>\n\n<div class=\"wp-block-image\">\n<figure class=\"aligncenter size-large\"><img decoding=\"async\" src=\"https:\/\/www.pomisna.info\/wp-content\/uploads\/2022\/08\/1-11.jpg\" alt=\"\"\/><\/figure>\n<\/div>\n\n<div class=\"wp-block-image\">\n<figure class=\"aligncenter size-large\"><img decoding=\"async\" src=\"https:\/\/www.pomisna.info\/wp-content\/uploads\/2022\/08\/dsc_1934.jpg\" alt=\"\"\/><\/figure>\n<\/div>\n\n<div class=\"wp-block-image\">\n<figure class=\"aligncenter size-large\"><img decoding=\"async\" src=\"https:\/\/www.pomisna.info\/wp-content\/uploads\/2022\/08\/dsc_1938.jpg\" alt=\"\"\/><\/figure>\n<\/div>\n\n<div class=\"wp-block-image\">\n<figure class=\"aligncenter size-large\"><img decoding=\"async\" src=\"https:\/\/www.pomisna.info\/wp-content\/uploads\/2022\/08\/dsc_1941.jpg\" alt=\"\"\/><\/figure>\n<\/div>\n\n<div class=\"wp-block-image\">\n<figure class=\"aligncenter size-large\"><img decoding=\"async\" src=\"https:\/\/www.pomisna.info\/wp-content\/uploads\/2022\/08\/dsc_1943.jpg\" alt=\"\"\/><\/figure>\n<\/div>\n\n<div class=\"wp-block-image\">\n<figure class=\"aligncenter size-large\"><img decoding=\"async\" src=\"https:\/\/www.pomisna.info\/wp-content\/uploads\/2022\/08\/dsc_1954.jpg\" alt=\"\"\/><\/figure>\n<\/div>\n\n<div class=\"wp-block-image\">\n<figure class=\"aligncenter size-large\"><img decoding=\"async\" src=\"https:\/\/www.pomisna.info\/wp-content\/uploads\/2022\/08\/dsc_1955.jpg\" alt=\"\"\/><\/figure>\n<\/div>\n\n<div class=\"wp-block-image\">\n<figure class=\"aligncenter size-large\"><img decoding=\"async\" src=\"https:\/\/www.pomisna.info\/wp-content\/uploads\/2022\/08\/dsc_1969.jpg\" alt=\"\"\/><\/figure>\n<\/div>\n\n<div class=\"wp-block-image\">\n<figure class=\"aligncenter size-large\"><img decoding=\"async\" src=\"https:\/\/www.pomisna.info\/wp-content\/uploads\/2022\/08\/dsc_1974.jpg\" alt=\"\"\/><\/figure>\n<\/div>\n\n<div class=\"wp-block-image\">\n<figure class=\"aligncenter size-large\"><img decoding=\"async\" src=\"https:\/\/www.pomisna.info\/wp-content\/uploads\/2022\/08\/dsc_2010.jpg\" alt=\"\"\/><\/figure>\n<\/div>","protected":false},"excerpt":{"rendered":"<p>El 29 de agosto de 2022, en el D\u00eda del Recuerdo de los defensores de Ucrania que dieron su vida por la independencia, la soberan\u00eda y la integridad territorial de nuestro pa\u00eds, Su Beatitud Epifan\u00edo Metropolitano de Kiev y Toda Ucrania celebr\u00f3 un servicio conmemorativo cerca del &#8220;Muro de la Memoria&#8221;. &#8221; ubicado en las [&hellip;]<\/p>\n","protected":false},"author":1,"featured_media":639,"comment_status":"closed","ping_status":"closed","sticky":false,"template":"","format":"standard","meta":{"om_disable_all_campaigns":false,"_monsterinsights_skip_tracking":false,"_monsterinsights_sitenote_active":false,"_monsterinsights_sitenote_note":"","_monsterinsights_sitenote_category":0,"_s2mail":"","footnotes":""},"categories":[2],"tags":[],"class_list":["post-876","post","type-post","status-publish","format-standard","has-post-thumbnail","hentry","category-noticias"],"aioseo_notices":[],"_links":{"self":[{"href":"https:\/\/orthodoxs.org\/index.php?rest_route=\/wp\/v2\/posts\/876","targetHints":{"allow":["GET"]}}],"collection":[{"href":"https:\/\/orthodoxs.org\/index.php?rest_route=\/wp\/v2\/posts"}],"about":[{"href":"https:\/\/orthodoxs.org\/index.php?rest_route=\/wp\/v2\/types\/post"}],"author":[{"embeddable":true,"href":"https:\/\/orthodoxs.org\/index.php?rest_route=\/wp\/v2\/users\/1"}],"replies":[{"embeddable":true,"href":"https:\/\/orthodoxs.org\/index.php?rest_route=%2Fwp%2Fv2%2Fcomments&post=876"}],"version-history":[{"count":1,"href":"https:\/\/orthodoxs.org\/index.php?rest_route=\/wp\/v2\/posts\/876\/revisions"}],"predecessor-version":[{"id":877,"href":"https:\/\/orthodoxs.org\/index.php?rest_route=\/wp\/v2\/posts\/876\/revisions\/877"}],"wp:featuredmedia":[{"embeddable":true,"href":"https:\/\/orthodoxs.org\/index.php?rest_route=\/wp\/v2\/media\/639"}],"wp:attachment":[{"href":"https:\/\/orthodoxs.org\/index.php?rest_route=%2Fwp%2Fv2%2Fmedia&parent=876"}],"wp:term":[{"taxonomy":"category","embeddable":true,"href":"https:\/\/orthodoxs.org\/index.php?rest_route=%2Fwp%2Fv2%2Fcategories&post=876"},{"taxonomy":"post_tag","embeddable":true,"href":"https:\/\/orthodoxs.org\/index.php?rest_route=%2Fwp%2Fv2%2Ftags&post=876"}],"curies":[{"name":"wp","href":"https:\/\/api.w.org\/{rel}","templated":true}]}}