{"id":856,"date":"2022-08-07T18:14:40","date_gmt":"2022-08-07T18:14:40","guid":{"rendered":"https:\/\/orthodoxs.org\/?p=856"},"modified":"2022-08-07T18:14:42","modified_gmt":"2022-08-07T18:14:42","slug":"el-metropolitano-epifanio-se-reunio-con-la-delegacion-del-consejo-mundial-de-iglesias","status":"publish","type":"post","link":"https:\/\/orthodoxs.org\/?p=856","title":{"rendered":"El Metropolitano Epifan\u00edo se reuni\u00f3 con la delegaci\u00f3n del Consejo Mundial de Iglesias"},"content":{"rendered":"<p><span style=\"color: #000000;\">El 3 de agosto de 2022, el Primado de la Iglesia Ortodoxa de Ucrania recibi\u00f3 en su residencia al Secretario General Interino del Consejo Mundial de Iglesias Arcipreste Ioan Sauca, quien estuvo acompa\u00f1ado por el Secretario General Adjunto Profesor Odair Pedroso Mateus y el representante de la comunicaci\u00f3n departamento del WRC Ivar Kuptsis (Ivars Kupcis).<\/span><\/p>\n<p><span style=\"color: #000000;\">A la reuni\u00f3n tambi\u00e9n asistieron el jefe adjunto del Departamento de Relaciones Eclesi\u00e1sticas Externas, el arzobispo Evstratiy de Chernihiv y Nizhyn y el secretario de la Comisi\u00f3n Sinodal de Relaciones Intercristianas de la OCU, el arcipreste Rostyslav Vorobiy.<\/span><\/p>\n<p><span style=\"color: #000000;\">Las partes discutieron la situaci\u00f3n interconfesional en el contexto de la agresi\u00f3n rusa a gran escala en curso, el proceso de transici\u00f3n consciente y libre de las comunidades a la jurisdicci\u00f3n de la Iglesia Ortodoxa de Ucrania, el apoyo de nuestro estado por parte de la comunidad mundial y otros temas. de inter\u00e9s com\u00fan.<\/span><\/p>\n<p><span style=\"color: #000000;\">\u201cLa transici\u00f3n de las comunidades es un fen\u00f3meno natural, no lo creamos artificialmente y, a pesar de varios esfuerzos, este proceso no se puede detener. A menudo, solo me entero de los informes de los medios de comunicaci\u00f3n que esta o aquella parroquia ha decidido unirse a nuestra Iglesia. Estamos abiertos al di\u00e1logo y queremos vivir en paz con todos, por lo que estamos interesados \u200b\u200ben la implementaci\u00f3n voluntaria y pac\u00edfica de este proceso\u201d, se\u00f1al\u00f3 en particular Su Beatitud El Metropolitano Epifan\u00edo.<\/span><\/p>\n<p><span style=\"color: #000000;\">Vale la pena se\u00f1alar que en abril de este a\u00f1o, la Iglesia Ortodoxa de Ucrania present\u00f3 una solicitud de membres\u00eda en el Consejo Mundial de Iglesias.\u00a0Por ello, el pasado 17 de junio se recibi\u00f3 la correspondiente invitaci\u00f3n oficial relativa a la participaci\u00f3n de representantes de la OCU en la Asamblea General de la Iglesia Ortodoxa Ucraniana, que tendr\u00e1 lugar a principios de septiembre.<\/span><\/p>\n\n<div class=\"wp-block-image\">\n<figure class=\"aligncenter size-large\"><img decoding=\"async\" src=\"https:\/\/www.pomisna.info\/wp-content\/uploads\/2022\/08\/dsc_0077-1536x1025.jpg\" alt=\"\"\/><\/figure>\n<\/div>\n\n<div class=\"wp-block-image\">\n<figure class=\"aligncenter size-large\"><img decoding=\"async\" src=\"https:\/\/www.pomisna.info\/wp-content\/uploads\/2022\/08\/dsc_0000-1536x1025.jpg\" alt=\"\"\/><\/figure>\n<\/div>\n\n<div class=\"wp-block-image\">\n<figure class=\"aligncenter size-large\"><img decoding=\"async\" src=\"https:\/\/www.pomisna.info\/wp-content\/uploads\/2022\/08\/dsc_0001-1536x1025.jpg\" alt=\"\"\/><\/figure>\n<\/div>\n\n<div class=\"wp-block-image\">\n<figure class=\"aligncenter size-large\"><img decoding=\"async\" src=\"https:\/\/www.pomisna.info\/wp-content\/uploads\/2022\/08\/dsc_0002-1536x1025.jpg\" alt=\"\"\/><\/figure>\n<\/div>\n\n<div class=\"wp-block-image\">\n<figure class=\"aligncenter size-large\"><img decoding=\"async\" src=\"https:\/\/www.pomisna.info\/wp-content\/uploads\/2022\/08\/dsc_0011-1536x1025.jpg\" alt=\"\"\/><\/figure>\n<\/div>\n\n<div class=\"wp-block-image\">\n<figure class=\"aligncenter size-large\"><img decoding=\"async\" src=\"https:\/\/www.pomisna.info\/wp-content\/uploads\/2022\/08\/dsc_0012-1536x1025.jpg\" alt=\"\"\/><\/figure>\n<\/div>\n\n<div class=\"wp-block-image\">\n<figure class=\"aligncenter size-large\"><img decoding=\"async\" src=\"https:\/\/www.pomisna.info\/wp-content\/uploads\/2022\/08\/dsc_0016-1536x1025.jpg\" alt=\"\"\/><\/figure>\n<\/div>\n\n<div class=\"wp-block-image\">\n<figure class=\"aligncenter size-large\"><img decoding=\"async\" src=\"https:\/\/www.pomisna.info\/wp-content\/uploads\/2022\/08\/dsc_0027-1536x1025.jpg\" alt=\"\"\/><\/figure>\n<\/div>\n\n<div class=\"wp-block-image\">\n<figure class=\"aligncenter size-large\"><img decoding=\"async\" src=\"https:\/\/www.pomisna.info\/wp-content\/uploads\/2022\/08\/dsc_0030-1536x1025.jpg\" alt=\"\"\/><\/figure>\n<\/div>\n\n<div class=\"wp-block-image\">\n<figure class=\"aligncenter size-large\"><img decoding=\"async\" src=\"https:\/\/www.pomisna.info\/wp-content\/uploads\/2022\/08\/dsc_0036-1536x1025.jpg\" alt=\"\"\/><\/figure>\n<\/div>\n\n<div class=\"wp-block-image\">\n<figure class=\"aligncenter size-large\"><img decoding=\"async\" src=\"https:\/\/www.pomisna.info\/wp-content\/uploads\/2022\/08\/dsc_0040-1536x1025.jpg\" alt=\"\"\/><\/figure>\n<\/div>\n\n<div class=\"wp-block-image\">\n<figure class=\"aligncenter size-large\"><img decoding=\"async\" src=\"https:\/\/www.pomisna.info\/wp-content\/uploads\/2022\/08\/dsc_0045-1536x1025.jpg\" alt=\"\"\/><\/figure>\n<\/div>\n\n<div class=\"wp-block-image\">\n<figure class=\"aligncenter size-large\"><img decoding=\"async\" src=\"https:\/\/www.pomisna.info\/wp-content\/uploads\/2022\/08\/dsc_0047-1536x1025.jpg\" alt=\"\"\/><\/figure>\n<\/div>\n\n<div class=\"wp-block-image\">\n<figure class=\"aligncenter size-large\"><img decoding=\"async\" src=\"https:\/\/www.pomisna.info\/wp-content\/uploads\/2022\/08\/dsc_0050-1536x1025.jpg\" alt=\"\"\/><\/figure>\n<\/div>\n\n<div class=\"wp-block-image\">\n<figure class=\"aligncenter size-large\"><img decoding=\"async\" src=\"https:\/\/www.pomisna.info\/wp-content\/uploads\/2022\/08\/dsc_0051-1536x1025.jpg\" alt=\"\"\/><\/figure>\n<\/div>\n\n<div class=\"wp-block-image\">\n<figure class=\"aligncenter size-large\"><img decoding=\"async\" src=\"https:\/\/www.pomisna.info\/wp-content\/uploads\/2022\/08\/dsc_0063-1536x1025.jpg\" alt=\"\"\/><\/figure>\n<\/div>\n\n<div class=\"wp-block-image\">\n<figure class=\"aligncenter size-large\"><img decoding=\"async\" src=\"https:\/\/www.pomisna.info\/wp-content\/uploads\/2022\/08\/dsc_0064-1536x1025.jpg\" alt=\"\"\/><\/figure>\n<\/div>\n\n<div class=\"wp-block-image\">\n<figure class=\"aligncenter size-large\"><img decoding=\"async\" src=\"https:\/\/www.pomisna.info\/wp-content\/uploads\/2022\/08\/dsc_0070-1536x1025.jpg\" alt=\"\"\/><\/figure>\n<\/div>\n\n<div class=\"wp-block-image\">\n<figure class=\"aligncenter size-large\"><img decoding=\"async\" src=\"https:\/\/www.pomisna.info\/wp-content\/uploads\/2022\/08\/dsc_0077-1536x1025.jpg\" alt=\"\"\/><\/figure>\n<\/div>\n\n<div class=\"wp-block-image\">\n<figure class=\"aligncenter size-large\"><img decoding=\"async\" src=\"https:\/\/www.pomisna.info\/wp-content\/uploads\/2022\/08\/dsc_0083-1536x1025.jpg\" alt=\"\"\/><\/figure>\n<\/div>\n\n<div class=\"wp-block-image\">\n<figure class=\"aligncenter size-large\"><img decoding=\"async\" src=\"https:\/\/www.pomisna.info\/wp-content\/uploads\/2022\/08\/dsc_0088-1536x1025.jpg\" alt=\"\"\/><\/figure>\n<\/div>\n\n<div class=\"wp-block-image\">\n<figure class=\"aligncenter size-large\"><img decoding=\"async\" src=\"https:\/\/www.pomisna.info\/wp-content\/uploads\/2022\/08\/dsc_0095-1536x1025.jpg\" alt=\"\"\/><\/figure>\n<\/div>\n\n<div class=\"wp-block-image\">\n<figure class=\"aligncenter size-large\"><img decoding=\"async\" src=\"https:\/\/www.pomisna.info\/wp-content\/uploads\/2022\/08\/dsc_0103-1536x1025.jpg\" alt=\"\"\/><\/figure>\n<\/div>","protected":false},"excerpt":{"rendered":"<p>El 3 de agosto de 2022, el Primado de la Iglesia Ortodoxa de Ucrania recibi\u00f3 en su residencia al Secretario General Interino del Consejo Mundial de Iglesias Arcipreste Ioan Sauca, quien estuvo acompa\u00f1ado por el Secretario General Adjunto Profesor Odair Pedroso Mateus y el representante de la comunicaci\u00f3n departamento del WRC Ivar Kuptsis (Ivars Kupcis). [&hellip;]<\/p>\n","protected":false},"author":1,"featured_media":50,"comment_status":"closed","ping_status":"closed","sticky":false,"template":"","format":"standard","meta":{"om_disable_all_campaigns":false,"_monsterinsights_skip_tracking":false,"_monsterinsights_sitenote_active":false,"_monsterinsights_sitenote_note":"","_monsterinsights_sitenote_category":0,"_s2mail":"","footnotes":""},"categories":[2],"tags":[],"class_list":["post-856","post","type-post","status-publish","format-standard","has-post-thumbnail","hentry","category-noticias"],"aioseo_notices":[],"_links":{"self":[{"href":"https:\/\/orthodoxs.org\/index.php?rest_route=\/wp\/v2\/posts\/856","targetHints":{"allow":["GET"]}}],"collection":[{"href":"https:\/\/orthodoxs.org\/index.php?rest_route=\/wp\/v2\/posts"}],"about":[{"href":"https:\/\/orthodoxs.org\/index.php?rest_route=\/wp\/v2\/types\/post"}],"author":[{"embeddable":true,"href":"https:\/\/orthodoxs.org\/index.php?rest_route=\/wp\/v2\/users\/1"}],"replies":[{"embeddable":true,"href":"https:\/\/orthodoxs.org\/index.php?rest_route=%2Fwp%2Fv2%2Fcomments&post=856"}],"version-history":[{"count":1,"href":"https:\/\/orthodoxs.org\/index.php?rest_route=\/wp\/v2\/posts\/856\/revisions"}],"predecessor-version":[{"id":857,"href":"https:\/\/orthodoxs.org\/index.php?rest_route=\/wp\/v2\/posts\/856\/revisions\/857"}],"wp:featuredmedia":[{"embeddable":true,"href":"https:\/\/orthodoxs.org\/index.php?rest_route=\/wp\/v2\/media\/50"}],"wp:attachment":[{"href":"https:\/\/orthodoxs.org\/index.php?rest_route=%2Fwp%2Fv2%2Fmedia&parent=856"}],"wp:term":[{"taxonomy":"category","embeddable":true,"href":"https:\/\/orthodoxs.org\/index.php?rest_route=%2Fwp%2Fv2%2Fcategories&post=856"},{"taxonomy":"post_tag","embeddable":true,"href":"https:\/\/orthodoxs.org\/index.php?rest_route=%2Fwp%2Fv2%2Ftags&post=856"}],"curies":[{"name":"wp","href":"https:\/\/api.w.org\/{rel}","templated":true}]}}