{"id":838,"date":"2022-08-06T03:37:34","date_gmt":"2022-08-06T03:37:34","guid":{"rendered":"https:\/\/orthodoxs.org\/?p=838"},"modified":"2022-08-06T03:37:36","modified_gmt":"2022-08-06T03:37:36","slug":"divina-liturgia-en-el-dia-de-la-conmemoracion-del-1034-aniversario-del-bautismo-de-rusia-ucrania","status":"publish","type":"post","link":"https:\/\/orthodoxs.org\/?p=838","title":{"rendered":"Divina liturgia en el d\u00eda de la conmemoraci\u00f3n del 1034 aniversario del Bautismo de Rusia-Ucrania"},"content":{"rendered":"<p><span style=\"font-size: revert; color: initial;\">Conmemorando el 1034 aniversario del Bautismo de Rusia-Ucrania, el d\u00eda de conmemoraci\u00f3n del Santo Igual a los Ap\u00f3stoles Pr\u00edncipe de Kyiv Volodymyr el Grande y el D\u00eda del Estado Ucraniano, Su Beatitud Metropolitano Epifan\u00edo\u00a0 de Kyiv y Toda Ucrania dirigi\u00f3 la Divina Liturgia el 28 de julio de 2022 en la Catedral de St. Michael&#8217;s Gold-Top.<\/span><\/p>\n<p>El jefe de la Iglesia Ortodoxa Ucraniana autoc\u00e9fala fue asistido por el obispado y el clero de la OCU de toda Ucrania, as\u00ed como por el Exarca del Patriarca Ecum\u00e9nico en Ucrania, Monse\u00f1or Mykhail de Komansky.<\/p>\n<p>Despu\u00e9s de la lectura del Evangelio, Su Beatitud Obispo pronunci\u00f3 el Mensaje de consagraci\u00f3n con motivo del 1034 aniversario del Bautismo de Rusia-Ucrania.<\/p>\n<p>Posteriormente, Epifan\u00eda Metropolitana ofreci\u00f3 una\u00a0\u00a0oraci\u00f3n\u00a0especial \u00a0al Se\u00f1or en un momento en que la Patria est\u00e1 en peligro.<\/p>\n<p>Tambi\u00e9n se escucharon oraciones durante el servicio por los soldados que defienden Ucrania, por el gobierno y nuestro pueblo, y por la paz de las almas de todos los defensores ca\u00eddos de la Patria y los civiles.<\/p>\n<p>El arzobispo Evstratiy de Chernihiv y Nizhyn pronunci\u00f3 un serm\u00f3n en el verso sacramental.<\/p>\n<p>Durante el servicio, Su Beatitud realiz\u00f3 la ordenaci\u00f3n sacerdotal del di\u00e1cono Volodymyr Netskar, y al final de la liturgia, con motivo del aniversario, honr\u00f3 al Metropolitano Serhiy de Donetsk y Mariupol con la Orden del Santo Igual al- Ap\u00f3stoles Pr\u00edncipe Volodymyr, 1er grado.<\/p>\n\n<div class=\"wp-block-image\">\n<figure class=\"aligncenter size-large\"><img decoding=\"async\" src=\"https:\/\/www.pomisna.info\/wp-content\/uploads\/2022\/07\/dsc_4341.jpg\" alt=\"\"\/><\/figure>\n<\/div>\n\n<div class=\"wp-block-image\">\n<figure class=\"aligncenter size-large\"><img decoding=\"async\" src=\"https:\/\/www.pomisna.info\/wp-content\/uploads\/2022\/07\/1-9.jpg\" alt=\"\"\/><\/figure>\n<\/div>\n\n<div class=\"wp-block-image\">\n<figure class=\"aligncenter size-large\"><img decoding=\"async\" src=\"https:\/\/www.pomisna.info\/wp-content\/uploads\/2022\/07\/2-2.jpg\" alt=\"\"\/><\/figure>\n<\/div>\n\n<div class=\"wp-block-image\">\n<figure class=\"aligncenter size-large\"><img decoding=\"async\" src=\"https:\/\/www.pomisna.info\/wp-content\/uploads\/2022\/07\/dsc_4033.jpg\" alt=\"\"\/><\/figure>\n<\/div>\n\n<div class=\"wp-block-image\">\n<figure class=\"aligncenter size-large\"><img decoding=\"async\" src=\"https:\/\/www.pomisna.info\/wp-content\/uploads\/2022\/07\/dsc_4036.jpg\" alt=\"\"\/><\/figure>\n<\/div>\n\n<div class=\"wp-block-image\">\n<figure class=\"aligncenter size-large\"><img decoding=\"async\" src=\"https:\/\/www.pomisna.info\/wp-content\/uploads\/2022\/07\/dsc_4045.jpg\" alt=\"\"\/><\/figure>\n<\/div>\n\n<div class=\"wp-block-image\">\n<figure class=\"aligncenter size-large\"><img decoding=\"async\" src=\"https:\/\/www.pomisna.info\/wp-content\/uploads\/2022\/07\/dsc_4046.jpg\" alt=\"\"\/><\/figure>\n<\/div>\n\n<div class=\"wp-block-image\">\n<figure class=\"aligncenter size-large\"><img decoding=\"async\" src=\"https:\/\/www.pomisna.info\/wp-content\/uploads\/2022\/07\/dsc_4052.jpg\" alt=\"\"\/><\/figure>\n<\/div>\n\n<div class=\"wp-block-image\">\n<figure class=\"aligncenter size-large\"><img decoding=\"async\" src=\"https:\/\/www.pomisna.info\/wp-content\/uploads\/2022\/07\/dsc_4056.jpg\" alt=\"\"\/><\/figure>\n<\/div>\n\n<div class=\"wp-block-image\">\n<figure class=\"aligncenter size-large\"><img decoding=\"async\" src=\"https:\/\/www.pomisna.info\/wp-content\/uploads\/2022\/07\/dsc_4061.jpg\" alt=\"\"\/><\/figure>\n<\/div>\n\n<div class=\"wp-block-image\">\n<figure class=\"aligncenter size-large\"><img decoding=\"async\" src=\"https:\/\/www.pomisna.info\/wp-content\/uploads\/2022\/07\/dsc_4089.jpg\" alt=\"\"\/><\/figure>\n<\/div>\n\n<div class=\"wp-block-image\">\n<figure class=\"aligncenter size-large\"><img decoding=\"async\" src=\"https:\/\/www.pomisna.info\/wp-content\/uploads\/2022\/07\/dsc_4093.jpg\" alt=\"\"\/><\/figure>\n<\/div>\n\n<div class=\"wp-block-image\">\n<figure class=\"aligncenter size-large\"><img decoding=\"async\" src=\"https:\/\/www.pomisna.info\/wp-content\/uploads\/2022\/07\/dsc_4120.jpg\" alt=\"\"\/><\/figure>\n<\/div>\n\n<div class=\"wp-block-image\">\n<figure class=\"aligncenter size-large\"><img decoding=\"async\" src=\"https:\/\/www.pomisna.info\/wp-content\/uploads\/2022\/07\/0x0-2048x1367.jpg\" alt=\"\"\/><\/figure>\n<\/div>\n\n<div class=\"wp-block-image\">\n<figure class=\"aligncenter size-large\"><img decoding=\"async\" src=\"https:\/\/www.pomisna.info\/wp-content\/uploads\/2022\/07\/dsc_4141.jpg\" alt=\"\"\/><\/figure>\n<\/div>\n\n<div class=\"wp-block-image\">\n<figure class=\"aligncenter size-large\"><img decoding=\"async\" src=\"https:\/\/www.pomisna.info\/wp-content\/uploads\/2022\/07\/dsc_4218.jpg\" alt=\"\"\/><\/figure>\n<\/div>\n\n<div class=\"wp-block-image\">\n<figure class=\"aligncenter size-large\"><img decoding=\"async\" src=\"https:\/\/www.pomisna.info\/wp-content\/uploads\/2022\/07\/dsc_4327.jpg\" alt=\"\"\/><\/figure>\n<\/div>","protected":false},"excerpt":{"rendered":"<p>Conmemorando el 1034 aniversario del Bautismo de Rusia-Ucrania, el d\u00eda de conmemoraci\u00f3n del Santo Igual a los Ap\u00f3stoles Pr\u00edncipe de Kyiv Volodymyr el Grande y el D\u00eda del Estado Ucraniano, Su Beatitud Metropolitano Epifan\u00edo\u00a0 de Kyiv y Toda Ucrania dirigi\u00f3 la Divina Liturgia el 28 de julio de 2022 en la Catedral de St. Michael&#8217;s [&hellip;]<\/p>\n","protected":false},"author":1,"featured_media":133,"comment_status":"closed","ping_status":"closed","sticky":false,"template":"","format":"standard","meta":{"om_disable_all_campaigns":false,"_monsterinsights_skip_tracking":false,"_monsterinsights_sitenote_active":false,"_monsterinsights_sitenote_note":"","_monsterinsights_sitenote_category":0,"_s2mail":"","footnotes":""},"categories":[2],"tags":[],"class_list":["post-838","post","type-post","status-publish","format-standard","has-post-thumbnail","hentry","category-noticias"],"aioseo_notices":[],"_links":{"self":[{"href":"https:\/\/orthodoxs.org\/index.php?rest_route=\/wp\/v2\/posts\/838","targetHints":{"allow":["GET"]}}],"collection":[{"href":"https:\/\/orthodoxs.org\/index.php?rest_route=\/wp\/v2\/posts"}],"about":[{"href":"https:\/\/orthodoxs.org\/index.php?rest_route=\/wp\/v2\/types\/post"}],"author":[{"embeddable":true,"href":"https:\/\/orthodoxs.org\/index.php?rest_route=\/wp\/v2\/users\/1"}],"replies":[{"embeddable":true,"href":"https:\/\/orthodoxs.org\/index.php?rest_route=%2Fwp%2Fv2%2Fcomments&post=838"}],"version-history":[{"count":1,"href":"https:\/\/orthodoxs.org\/index.php?rest_route=\/wp\/v2\/posts\/838\/revisions"}],"predecessor-version":[{"id":839,"href":"https:\/\/orthodoxs.org\/index.php?rest_route=\/wp\/v2\/posts\/838\/revisions\/839"}],"wp:featuredmedia":[{"embeddable":true,"href":"https:\/\/orthodoxs.org\/index.php?rest_route=\/wp\/v2\/media\/133"}],"wp:attachment":[{"href":"https:\/\/orthodoxs.org\/index.php?rest_route=%2Fwp%2Fv2%2Fmedia&parent=838"}],"wp:term":[{"taxonomy":"category","embeddable":true,"href":"https:\/\/orthodoxs.org\/index.php?rest_route=%2Fwp%2Fv2%2Fcategories&post=838"},{"taxonomy":"post_tag","embeddable":true,"href":"https:\/\/orthodoxs.org\/index.php?rest_route=%2Fwp%2Fv2%2Ftags&post=838"}],"curies":[{"name":"wp","href":"https:\/\/api.w.org\/{rel}","templated":true}]}}