{"id":834,"date":"2022-08-06T02:46:34","date_gmt":"2022-08-06T02:46:34","guid":{"rendered":"https:\/\/orthodoxs.org\/?p=834"},"modified":"2022-08-06T02:46:35","modified_gmt":"2022-08-06T02:46:35","slug":"comunicado-oficial-de-la-reunion-del-santo-sinodo-del-27-de-julio-de-2022","status":"publish","type":"post","link":"https:\/\/orthodoxs.org\/?p=834","title":{"rendered":"Comunicado oficial de la reuni\u00f3n del Santo S\u00ednodo del 27 de julio de 2022."},"content":{"rendered":"<p>\u00a0<\/p>\n<p>El 27 de julio de 2022 tuvo lugar la reuni\u00f3n ordinaria del Santo S\u00ednodo de la Iglesia Ortodoxa Ucraniana (Iglesia Ortodoxa de Ucrania) en el Sal\u00f3n Sinodal de la Casa Metropolitana -la Residencia del Primado de la Iglesia Ortodoxa en St. Michael&#8217;s Golden- Catedral Superior.\u00a0Diez miembros del Santo S\u00ednodo participaron en la reuni\u00f3n.\u00a0El Reverendo Clemente, Metropolitano de Simferopol y Crimea, y el Reverend\u00edsimo Mark, Obispo de Kropyvnytskyi y Golovanivskyi, estuvieron ausentes por una buena raz\u00f3n.<\/p>\n<p>En relaci\u00f3n con los cambios positivos significativos en la situaci\u00f3n epidemiol\u00f3gica en Ucrania y el mundo, suavizando o cesando por completo las medidas de protecci\u00f3n adicionales introducidas por los estados durante la pandemia de la enfermedad por coronavirus (COVID-19), se decidi\u00f3 poner fin a la implementaci\u00f3n obligatoria de la &#8220;Pr\u00e1ctica Directrices para el Episcopado, el clero y los fieles de la Iglesia Ortodoxa de Ucrania en relaci\u00f3n con la pandemia anunciada de una enfermedad de coronavirus particularmente peligrosa (COVID-19), aprobada previamente por las Decisiones del Santo S\u00ednodo, dando a este documento el estatus de recomendaciones<\/p>\n<p>El S\u00ednodo escuch\u00f3 y tom\u00f3 nota del mensaje de Su Beatitud el Metropolita Epifanio sobre sus viajes a las ciudades de Berl\u00edn y Bruselas (13-16 de junio de 2022) y Londres (5-7 de julio de 2022).<\/p>\n<p>Se decidi\u00f3 considerar \u00fatil ampliar la interacci\u00f3n entre la OCU y la Conferencia de Iglesias Europeas, cuyo objetivo es adquirir la membres\u00eda de pleno derecho en esta organizaci\u00f3n ecum\u00e9nica cristiana europea, y se adopt\u00f3 la Resoluci\u00f3n correspondiente.<\/p>\n<p>El S\u00ednodo aprob\u00f3 la propuesta del Primado de enviar, por invitaci\u00f3n del Consejo Mundial de Iglesias, dos observadores de la OCU para participar en los trabajos de la 11\u00aa Asamblea del WRC en Karlsruhe, Alemania, del 31 de agosto al 8 de septiembre de este a\u00f1o.<\/p>\n<p>De conformidad con la Resoluci\u00f3n del S\u00ednodo de los Obispos, el Santo S\u00ednodo apoy\u00f3 el proyecto de carta presentado por la Comisi\u00f3n Teol\u00f3gica y Lit\u00fargica Sinodal al Patriarca Ecum\u00e9nico Bartolom\u00e9 y a los Jefes de las Iglesias Ortodoxas Locales sobre llevar al Patriarca ruso Kirill a la responsabilidad can\u00f3nica y privarlo del trono patriarcal.<\/p>\n<p>Tambi\u00e9n se acord\u00f3 el texto de la carta a Su Beatitud Savva, Metropolitano de Varsovia y de Toda Polonia, sobre las denuncias contra la Iglesia Ortodoxa de Ucrania, que se env\u00edan al Patriarcado Ecum\u00e9nico desde la Iglesia Ortodoxa Autoc\u00e9fala Polaca.<\/p>\n<p>El S\u00ednodo consider\u00f3 los casos de acusaciones del archimandrita Andriy (Marutsak) y el arcipreste Bohdan Zgoba, a quienes se les prohibi\u00f3 el sacerdocio, de violaciones can\u00f3nicas, para las cuales est\u00e1 prevista la pena de privaci\u00f3n del rango sagrado, los declar\u00f3 culpables y los priv\u00f3 de la rango sagrado.<\/p>\n<p>La decisi\u00f3n del S\u00ednodo apoy\u00f3 la declaraci\u00f3n oficial del Metropolitano de Kyiv de la Iglesia Ortodoxa de Ucrania del 15 de julio de 2022 sobre la preocupaci\u00f3n por los obst\u00e1culos a las comunidades religiosas que abandonan el poder del Patriarcado de Mosc\u00fa y adopt\u00f3 la Declaraci\u00f3n del Santo S\u00ednodo sobre la protecci\u00f3n del derecho a la libertad de conciencia.<\/p>\n<p>A pedido del Arcipreste Oleksandr Trofymlyuk, jefe de la Comisi\u00f3n del Calendario Sinodal, se realizaron cambios en el Calendario Lunar de la Iglesia Ortodoxa de Ucrania.\u00a0El 27 de junio (10 de julio seg\u00fan el nuevo estilo), se determina honrar el d\u00eda de la memoria del hierom\u00e1rtir Kyril (Lucaris), Patriarca de Constantinopla, previamente canonizado por los Patriarcados Ecum\u00e9nico y Alejandrino, miembro de la Catedral Ortodoxa de Berestsky. en 1596, profesor y rector de la Academia Ostroh.\u00a0En lugar del d\u00eda de conmemoraci\u00f3n de los soldados que murieron en la Segunda Guerra Mundial, que se llev\u00f3 a cabo el 9 de mayo del nuevo estilo, se dio una bendici\u00f3n para conmemorar a todos los que murieron en la Segunda Guerra Mundial el 8 de mayo del nuevo estilo, en el D\u00eda del Recuerdo y la Reconciliaci\u00f3n.<\/p>\n<p>Despu\u00e9s de escuchar el informe del Reverend\u00edsimo Sime\u00f3n, Metropolitano de Vinnytsia y Barsk, jefe de la Comisi\u00f3n Sinodal de Canonizaci\u00f3n de los Santos, sobre la solicitud presentada por el Reverend\u00edsimo Ioasaf, Metropolitano de Ivano-Frankivsk y Halytskyi, para la glorificaci\u00f3n de la Icono de Manyava de la Madre de Dios &#8220;El Redentor&#8221;, que es glorificado por los milagros y es venerado entre los piadosos ortodoxos, el S\u00ednodo bendijo la veneraci\u00f3n en toda la iglesia del icono de la Madre de Dios &#8220;El Redentor&#8221; que hace milagros en Manyava. , determinando el d\u00eda de su veneraci\u00f3n el 25 de junio (12 de junio del siglo).<\/p>\n<p>En este punto, se complet\u00f3 la reuni\u00f3n del S\u00ednodo.<\/p>\n\n<div class=\"wp-block-image\">\n<figure class=\"aligncenter size-large\"><img decoding=\"async\" src=\"https:\/\/www.pomisna.info\/wp-content\/uploads\/2022\/07\/dsc_3802.jpg\" alt=\"\"\/><\/figure>\n<\/div>\n\n<div class=\"wp-block-image\">\n<figure class=\"aligncenter size-large\"><img decoding=\"async\" src=\"https:\/\/www.pomisna.info\/wp-content\/uploads\/2022\/07\/dsc_3794.jpg\" alt=\"\"\/><\/figure>\n<\/div>\n\n<div class=\"wp-block-image\">\n<figure class=\"aligncenter size-large\"><img decoding=\"async\" src=\"https:\/\/www.pomisna.info\/wp-content\/uploads\/2022\/07\/dsc_3806.jpg\" alt=\"\"\/><\/figure>\n<\/div>\n\n<div class=\"wp-block-image\">\n<figure class=\"aligncenter size-large\"><img decoding=\"async\" src=\"https:\/\/www.pomisna.info\/wp-content\/uploads\/2022\/07\/dsc_3810.jpg\" alt=\"\"\/><\/figure>\n<\/div>\n\n<div class=\"wp-block-image\">\n<figure class=\"aligncenter size-large\"><img decoding=\"async\" src=\"https:\/\/www.pomisna.info\/wp-content\/uploads\/2022\/07\/dsc_3812.jpg\" alt=\"\"\/><\/figure>\n<\/div>\n\n<div class=\"wp-block-image\">\n<figure class=\"aligncenter size-large\"><img decoding=\"async\" src=\"https:\/\/www.pomisna.info\/wp-content\/uploads\/2022\/07\/dsc_3813.jpg\" alt=\"\"\/><\/figure>\n<\/div>\n\n<div class=\"wp-block-image\">\n<figure class=\"aligncenter size-large\"><img decoding=\"async\" src=\"https:\/\/www.pomisna.info\/wp-content\/uploads\/2022\/07\/dsc_3814.jpg\" alt=\"\"\/><\/figure>\n<\/div>\n\n<div class=\"wp-block-image\">\n<figure class=\"aligncenter size-large\"><img decoding=\"async\" src=\"https:\/\/www.pomisna.info\/wp-content\/uploads\/2022\/07\/dsc_3816.jpg\" alt=\"\"\/><\/figure>\n<\/div>\n\n<div class=\"wp-block-image\">\n<figure class=\"aligncenter size-large\"><img decoding=\"async\" src=\"https:\/\/www.pomisna.info\/wp-content\/uploads\/2022\/07\/dsc_3817.jpg\" alt=\"\"\/><\/figure>\n<\/div>\n\n<div class=\"wp-block-image\">\n<figure class=\"aligncenter size-large\"><img decoding=\"async\" src=\"https:\/\/www.pomisna.info\/wp-content\/uploads\/2022\/07\/dsc_3818.jpg\" alt=\"\"\/><\/figure>\n<\/div>\n\n<div class=\"wp-block-image\">\n<figure class=\"aligncenter size-large\"><img decoding=\"async\" src=\"https:\/\/www.pomisna.info\/wp-content\/uploads\/2022\/07\/dsc_3825.jpg\" alt=\"\"\/><\/figure>\n<\/div>\n\n<div class=\"wp-block-image\">\n<figure class=\"aligncenter size-large\"><img decoding=\"async\" src=\"https:\/\/www.pomisna.info\/wp-content\/uploads\/2022\/07\/dsc_3836.jpg\" alt=\"\"\/><\/figure>\n<\/div>\n\n<div class=\"wp-block-image\">\n<figure class=\"aligncenter size-large\"><img decoding=\"async\" src=\"https:\/\/www.pomisna.info\/wp-content\/uploads\/2022\/07\/dsc_3843.jpg\" alt=\"\"\/><\/figure>\n<\/div>\n\n<div class=\"wp-block-image\">\n<figure class=\"aligncenter size-large\"><img decoding=\"async\" src=\"https:\/\/www.pomisna.info\/wp-content\/uploads\/2022\/07\/dsc_3847.jpg\" alt=\"\"\/><\/figure>\n<\/div>\n\n<div class=\"wp-block-image\">\n<figure class=\"aligncenter size-large\"><img decoding=\"async\" src=\"https:\/\/www.pomisna.info\/wp-content\/uploads\/2022\/07\/dsc_3850.jpg\" alt=\"\"\/><\/figure>\n<\/div>\n\n<div class=\"wp-block-image\">\n<figure class=\"aligncenter size-large\"><img decoding=\"async\" src=\"https:\/\/www.pomisna.info\/wp-content\/uploads\/2022\/07\/dsc_3860.jpg\" alt=\"\"\/><\/figure>\n<\/div>","protected":false},"excerpt":{"rendered":"<p>\u00a0 El 27 de julio de 2022 tuvo lugar la reuni\u00f3n ordinaria del Santo S\u00ednodo de la Iglesia Ortodoxa Ucraniana (Iglesia Ortodoxa de Ucrania) en el Sal\u00f3n Sinodal de la Casa Metropolitana -la Residencia del Primado de la Iglesia Ortodoxa en St. Michael&#8217;s Golden- Catedral Superior.\u00a0Diez miembros del Santo S\u00ednodo participaron en la reuni\u00f3n.\u00a0El Reverendo [&hellip;]<\/p>\n","protected":false},"author":1,"featured_media":97,"comment_status":"closed","ping_status":"closed","sticky":false,"template":"","format":"standard","meta":{"om_disable_all_campaigns":false,"_monsterinsights_skip_tracking":false,"_monsterinsights_sitenote_active":false,"_monsterinsights_sitenote_note":"","_monsterinsights_sitenote_category":0,"_s2mail":"","footnotes":""},"categories":[2],"tags":[],"class_list":["post-834","post","type-post","status-publish","format-standard","has-post-thumbnail","hentry","category-noticias"],"aioseo_notices":[],"_links":{"self":[{"href":"https:\/\/orthodoxs.org\/index.php?rest_route=\/wp\/v2\/posts\/834","targetHints":{"allow":["GET"]}}],"collection":[{"href":"https:\/\/orthodoxs.org\/index.php?rest_route=\/wp\/v2\/posts"}],"about":[{"href":"https:\/\/orthodoxs.org\/index.php?rest_route=\/wp\/v2\/types\/post"}],"author":[{"embeddable":true,"href":"https:\/\/orthodoxs.org\/index.php?rest_route=\/wp\/v2\/users\/1"}],"replies":[{"embeddable":true,"href":"https:\/\/orthodoxs.org\/index.php?rest_route=%2Fwp%2Fv2%2Fcomments&post=834"}],"version-history":[{"count":1,"href":"https:\/\/orthodoxs.org\/index.php?rest_route=\/wp\/v2\/posts\/834\/revisions"}],"predecessor-version":[{"id":835,"href":"https:\/\/orthodoxs.org\/index.php?rest_route=\/wp\/v2\/posts\/834\/revisions\/835"}],"wp:featuredmedia":[{"embeddable":true,"href":"https:\/\/orthodoxs.org\/index.php?rest_route=\/wp\/v2\/media\/97"}],"wp:attachment":[{"href":"https:\/\/orthodoxs.org\/index.php?rest_route=%2Fwp%2Fv2%2Fmedia&parent=834"}],"wp:term":[{"taxonomy":"category","embeddable":true,"href":"https:\/\/orthodoxs.org\/index.php?rest_route=%2Fwp%2Fv2%2Fcategories&post=834"},{"taxonomy":"post_tag","embeddable":true,"href":"https:\/\/orthodoxs.org\/index.php?rest_route=%2Fwp%2Fv2%2Ftags&post=834"}],"curies":[{"name":"wp","href":"https:\/\/api.w.org\/{rel}","templated":true}]}}