{"id":46,"date":"2021-10-23T13:45:47","date_gmt":"2021-10-23T13:45:47","guid":{"rendered":"https:\/\/orthodoxs.org\/?p=46"},"modified":"2021-10-23T14:08:26","modified_gmt":"2021-10-23T14:08:26","slug":"el-arzobispo-nestor-rezo-en-fanar-con-motivo-del-30-aniversario-de-la-entronizacion-del-patriarca-ecumenico-bartolome","status":"publish","type":"post","link":"https:\/\/orthodoxs.org\/?p=46","title":{"rendered":"El arzobispo Nestor rez\u00f3 en Fanar con motivo del 30 aniversario de la entronizaci\u00f3n del Patriarca Ecum\u00e9nico Bartolom\u00e9"},"content":{"rendered":"<p><span><span class=\"\">El 22 de octubre de 2021, el Patriarca Ecum\u00e9nico Bartolom\u00e9 celebr\u00f3 la Divina Liturgia con motivo del 30 aniversario de su entronizaci\u00f3n en el Trono Patriarcal en la Iglesia de San Jorge en Fanari. <\/span>El d\u00eda anterior, el Primado de la Iglesia de Constantinopla celebr\u00f3 las V\u00edsperas.<\/span><\/p>\n<p><span>El arzobispo Nestor de Ternopil y Kremenets particip\u00f3 en los servicios como representante de la Iglesia Ortodoxa de Ucrania. El obispo estuvo acompa\u00f1ado por el jefe de la canciller\u00eda eparquial, el arcipreste Volodymyr Zubilevych.<\/span><\/p>\n<p><span>El metropolitano Nifont de Targovishte de la Iglesia Ortodoxa Rumana tambi\u00e9n or\u00f3 en los servicios.<\/span><\/p>\n<p><span>El arzobispo Nestor transmiti\u00f3 los saludos de Su Santidad el Metropolitano Epifanio y de toda la Iglesia Ortodoxa Ucraniana local.<\/span><\/p>\n<p><span>En su discurso de bienvenida, el Primado de la UCP agradeci\u00f3 al titular del Patriarcado Ecum\u00e9nico por reconocer la autocefalia de nuestra Iglesia y su reciente visita a Ucrania.<\/span><\/p>\n<p><span>\u201cHas demostrado sabidur\u00eda, valor, firmeza de esp\u00edritu y amor sacrificado al hacer estas grandes cosas. Y aunque hay algunos entre nuestros hermanos que a\u00fan no se han dado cuenta de la verdad de todo lo que se ha hecho, pero a su debido tiempo ver\u00e1n lo que vieron desde el principio, entender\u00e1n y aceptar\u00e1n lo que se ha hecho, porque es para el beneficio de la Iglesia de Cristo PCU. &#8211; Me alegro de que durante la visita de Su Santidad a Kiev, haya tenido personalmente la oportunidad de ver y sentir el amor y la gratitud que el pueblo ortodoxo ucraniano siente por usted. Por lo tanto, en esta carta, perm\u00edtanme solo renovar el testimonio de nuestros sentimientos inmutables de amor fraternal, profundo respeto y sincero agradecimiento a Su Santidad por todo lo que ha hecho y est\u00e1 haciendo por la Iglesia Ortodoxa en general y por la Iglesia Ortodoxa Ucraniana local. en particular. &#8220;- se nota en el saludo del Metropolitano Epifanio dirigido al Patriarca Bartolom\u00e9.<\/span><\/p>\n<p><span>A la ceremonia tambi\u00e9n asistieron el Subdirector de la Oficina Presidencial Andriy Sibiga, el reci\u00e9n nombrado Embajador Extraordinario y Plenipotenciario de Ucrania en Turqu\u00eda Vasyl Bodnar, C\u00f3nsul General de Ucrania en Estambul Oleksandr Haman, C\u00f3nsul de Ucrania en Antalya Emir Rustamov, Jefe del Consejo Regional de Ternopil Mykhailo Holovko, MP Maryana Golovko, Jefa del Departamento de Cooperaci\u00f3n Internacional y Promoci\u00f3n de la Regi\u00f3n de Ternopil del Consejo Regional de Ternopil Ruslan Kulyk, representantes de la comunidad ucraniana en Turqu\u00eda.<\/span><\/p>\n<p><span>Tambi\u00e9n el 21 de octubre, el patriarca Bartolom\u00e9 recibi\u00f3 en su residencia a una delegaci\u00f3n ucraniana encabezada por el arzobispo Nestor. Su Santidad convers\u00f3 con el obispo de Ternopil y representantes de las autoridades regionales, revis\u00f3 las fotos de la catedral que se estaba construyendo en Ternopil y bendijo a los invitados.<\/span><\/p>\n<p><\/p>\n\n\n<figure class=\"wp-block-image size-large\"><img decoding=\"async\" src=\"https:\/\/www-pomisna-info.translate.goog\/wp-content\/uploads\/2021\/10\/1-10.jpg?_x_tr_sl=auto&amp;_x_tr_tl=es&amp;_x_tr_hl=es&amp;_x_tr_pto=nui\" alt=\"\"\/><\/figure>\n\n\n\n<figure class=\"wp-block-image size-large\"><img decoding=\"async\" src=\"https:\/\/www-pomisna-info.translate.goog\/wp-content\/uploads\/2021\/10\/2-7.jpg?_x_tr_sl=auto&amp;_x_tr_tl=es&amp;_x_tr_hl=es&amp;_x_tr_pto=nui\" alt=\"\"\/><\/figure>\n","protected":false},"excerpt":{"rendered":"<p>El 22 de octubre de 2021, el Patriarca Ecum\u00e9nico Bartolom\u00e9 celebr\u00f3 la Divina Liturgia con motivo del 30 aniversario de su entronizaci\u00f3n en el Trono Patriarcal en la Iglesia de San Jorge en Fanari. El d\u00eda anterior, el Primado de la Iglesia de Constantinopla celebr\u00f3 las V\u00edsperas. El arzobispo Nestor de Ternopil y Kremenets particip\u00f3 [&hellip;]<\/p>\n","protected":false},"author":1,"featured_media":47,"comment_status":"closed","ping_status":"closed","sticky":false,"template":"","format":"standard","meta":{"om_disable_all_campaigns":false,"_monsterinsights_skip_tracking":false,"_monsterinsights_sitenote_active":false,"_monsterinsights_sitenote_note":"","_monsterinsights_sitenote_category":0,"_s2mail":"","footnotes":""},"categories":[2],"tags":[],"class_list":["post-46","post","type-post","status-publish","format-standard","has-post-thumbnail","hentry","category-noticias"],"aioseo_notices":[],"_links":{"self":[{"href":"https:\/\/orthodoxs.org\/index.php?rest_route=\/wp\/v2\/posts\/46","targetHints":{"allow":["GET"]}}],"collection":[{"href":"https:\/\/orthodoxs.org\/index.php?rest_route=\/wp\/v2\/posts"}],"about":[{"href":"https:\/\/orthodoxs.org\/index.php?rest_route=\/wp\/v2\/types\/post"}],"author":[{"embeddable":true,"href":"https:\/\/orthodoxs.org\/index.php?rest_route=\/wp\/v2\/users\/1"}],"replies":[{"embeddable":true,"href":"https:\/\/orthodoxs.org\/index.php?rest_route=%2Fwp%2Fv2%2Fcomments&post=46"}],"version-history":[{"count":2,"href":"https:\/\/orthodoxs.org\/index.php?rest_route=\/wp\/v2\/posts\/46\/revisions"}],"predecessor-version":[{"id":54,"href":"https:\/\/orthodoxs.org\/index.php?rest_route=\/wp\/v2\/posts\/46\/revisions\/54"}],"wp:featuredmedia":[{"embeddable":true,"href":"https:\/\/orthodoxs.org\/index.php?rest_route=\/wp\/v2\/media\/47"}],"wp:attachment":[{"href":"https:\/\/orthodoxs.org\/index.php?rest_route=%2Fwp%2Fv2%2Fmedia&parent=46"}],"wp:term":[{"taxonomy":"category","embeddable":true,"href":"https:\/\/orthodoxs.org\/index.php?rest_route=%2Fwp%2Fv2%2Fcategories&post=46"},{"taxonomy":"post_tag","embeddable":true,"href":"https:\/\/orthodoxs.org\/index.php?rest_route=%2Fwp%2Fv2%2Ftags&post=46"}],"curies":[{"name":"wp","href":"https:\/\/api.w.org\/{rel}","templated":true}]}}