{"id":1199,"date":"2023-04-21T19:37:49","date_gmt":"2023-04-21T19:37:49","guid":{"rendered":"https:\/\/orthodoxs.org\/?p=1199"},"modified":"2023-04-21T19:37:50","modified_gmt":"2023-04-21T19:37:50","slug":"metropolitano-epifanio-realizo-el-servicio-de-pascua","status":"publish","type":"post","link":"https:\/\/orthodoxs.org\/?p=1199","title":{"rendered":"Metropolitano Epifanio realiz\u00f3 el servicio de pascua"},"content":{"rendered":"<p>El 16 de abril de 2023, la Santa Iglesia Ortodoxa celebra la fiesta m\u00e1s grande y magn\u00edfica: la Brillante Resurrecci\u00f3n de Cristo.<\/p>\n<p>En la noche de Pascua, Su Beatitud Metropolita Epifanio de Kiev y Toda Ucrania presidi\u00f3 los servicios divinos solemnes en la Catedral de San Miguel de las C\u00fapulas Doradas de la capital: Misa de medianoche, Procesi\u00f3n de la Cruz, Ma\u00f1ana de Pascua y Divina Liturgia de San Juan Cris\u00f3stomo.<\/p>\n<p>El metropolitano Kliment de Simferopol y Crimea, el arzobispo Lavrentiy de Luhansk y Starobil, el arzobispo Agapit de Vyshgorod, el obispo Efrem de Vasylkiv, los hermanos del Monasterio de Zolotoverkh y el clero invitado colaboraron con el l\u00edder de la Iglesia ortodoxa ucraniana autoc\u00e9fala.<\/p>\n<p>Al final de la ma\u00f1ana de Pascua, Monse\u00f1or Agapit ley\u00f3 el Preg\u00f3n de San Juan Cris\u00f3stomo en el santo y gran Domingo de Pascua.<\/p>\n<p>En la Divina Liturgia, despu\u00e9s del Evangelio, que tradicionalmente se lee en este d\u00eda en diferentes idiomas, el Metropolitano Epifanio entreg\u00f3 su\u00a0\u00a0mensaje de Pascua a los reverendos archipastores, pastores amantes de Dios, monjes honestos y todos los fieles ortodoxos de Ucrania .<\/p>\n<p>Durante el servicio, se escucharon oraciones por los soldados que defienden Ucrania, por el gobierno y nuestro pueblo, y por la paz de las almas de todos los defensores ca\u00eddos de la Patria y los civiles.\u00a0Su Beatitud tambi\u00e9n elev\u00f3 una\u00a0\u00a0oraci\u00f3n\u00a0especial \u00a0al Se\u00f1or en un momento en que la Patria est\u00e1 en peligro.<\/p>\n<p>Al final del servicio de Pascua, Su Beatitud el Obispo consagr\u00f3 los artos (una gran pr\u00f3sfora especial), as\u00ed como las paschas y las ofrendas de Pascua.<\/p>\n\n<div class=\"wp-block-image\">\n<figure class=\"aligncenter size-large\"><img decoding=\"async\" src=\"https:\/\/www.pomisna.info\/wp-content\/uploads\/2023\/04\/2-1.jpg\" alt=\"\"\/><\/figure>\n<\/div>\n\n<div class=\"wp-block-image\">\n<figure class=\"aligncenter size-large\"><img decoding=\"async\" src=\"https:\/\/www.pomisna.info\/wp-content\/uploads\/2023\/04\/dsc_8129.jpg\" alt=\"\"\/><\/figure>\n<\/div>\n\n<div class=\"wp-block-image\">\n<figure class=\"aligncenter size-large\"><img decoding=\"async\" src=\"https:\/\/www.pomisna.info\/wp-content\/uploads\/2023\/04\/dsc_8136.jpg\" alt=\"\"\/><\/figure>\n<\/div>\n\n<div class=\"wp-block-image\">\n<figure class=\"aligncenter size-large\"><img decoding=\"async\" src=\"https:\/\/www.pomisna.info\/wp-content\/uploads\/2023\/04\/dsc_8181.jpg\" alt=\"\"\/><\/figure>\n<\/div>\n\n<div class=\"wp-block-image\">\n<figure class=\"aligncenter size-large\"><img decoding=\"async\" src=\"https:\/\/www.pomisna.info\/wp-content\/uploads\/2023\/04\/dsc_8187.jpg\" alt=\"\"\/><\/figure>\n<\/div>\n\n<div class=\"wp-block-image\">\n<figure class=\"aligncenter size-large\"><img decoding=\"async\" src=\"https:\/\/www.pomisna.info\/wp-content\/uploads\/2023\/04\/dsc_8201.jpg\" alt=\"\"\/><\/figure>\n<\/div>\n\n<div class=\"wp-block-image\">\n<figure class=\"aligncenter size-large\"><img decoding=\"async\" src=\"https:\/\/www.pomisna.info\/wp-content\/uploads\/2023\/04\/dsc_8209.jpg\" alt=\"\"\/><\/figure>\n<\/div>\n\n<div class=\"wp-block-image\">\n<figure class=\"aligncenter size-large\"><img decoding=\"async\" src=\"https:\/\/www.pomisna.info\/wp-content\/uploads\/2023\/04\/dsc_8280.jpg\" alt=\"\"\/><\/figure>\n<\/div>\n\n<div class=\"wp-block-image\">\n<figure class=\"aligncenter size-large\"><img decoding=\"async\" src=\"https:\/\/www.pomisna.info\/wp-content\/uploads\/2023\/04\/dsc_8309.jpg\" alt=\"\"\/><\/figure>\n<\/div>\n\n<div class=\"wp-block-image\">\n<figure class=\"aligncenter size-large\"><img decoding=\"async\" src=\"https:\/\/www.pomisna.info\/wp-content\/uploads\/2023\/04\/dsc_8580.jpg\" alt=\"\"\/><\/figure>\n<\/div>\n\n<div class=\"wp-block-image\">\n<figure class=\"aligncenter size-large\"><img decoding=\"async\" src=\"https:\/\/www.pomisna.info\/wp-content\/uploads\/2023\/04\/dsc_8654.jpg\" alt=\"\"\/><\/figure>\n<\/div>\n\n<div class=\"wp-block-image\">\n<figure class=\"aligncenter size-large\"><img decoding=\"async\" src=\"https:\/\/www.pomisna.info\/wp-content\/uploads\/2023\/04\/dsc_8729.jpg\" alt=\"\"\/><\/figure>\n<\/div>","protected":false},"excerpt":{"rendered":"<p>El 16 de abril de 2023, la Santa Iglesia Ortodoxa celebra la fiesta m\u00e1s grande y magn\u00edfica: la Brillante Resurrecci\u00f3n de Cristo. En la noche de Pascua, Su Beatitud Metropolita Epifanio de Kiev y Toda Ucrania presidi\u00f3 los servicios divinos solemnes en la Catedral de San Miguel de las C\u00fapulas Doradas de la capital: Misa [&hellip;]<\/p>\n","protected":false},"author":1,"featured_media":1194,"comment_status":"closed","ping_status":"closed","sticky":false,"template":"","format":"standard","meta":{"om_disable_all_campaigns":false,"_monsterinsights_skip_tracking":false,"_monsterinsights_sitenote_active":false,"_monsterinsights_sitenote_note":"","_monsterinsights_sitenote_category":0,"_s2mail":"yes","footnotes":""},"categories":[2],"tags":[],"class_list":["post-1199","post","type-post","status-publish","format-standard","has-post-thumbnail","hentry","category-noticias"],"aioseo_notices":[],"_links":{"self":[{"href":"https:\/\/orthodoxs.org\/index.php?rest_route=\/wp\/v2\/posts\/1199","targetHints":{"allow":["GET"]}}],"collection":[{"href":"https:\/\/orthodoxs.org\/index.php?rest_route=\/wp\/v2\/posts"}],"about":[{"href":"https:\/\/orthodoxs.org\/index.php?rest_route=\/wp\/v2\/types\/post"}],"author":[{"embeddable":true,"href":"https:\/\/orthodoxs.org\/index.php?rest_route=\/wp\/v2\/users\/1"}],"replies":[{"embeddable":true,"href":"https:\/\/orthodoxs.org\/index.php?rest_route=%2Fwp%2Fv2%2Fcomments&post=1199"}],"version-history":[{"count":1,"href":"https:\/\/orthodoxs.org\/index.php?rest_route=\/wp\/v2\/posts\/1199\/revisions"}],"predecessor-version":[{"id":1200,"href":"https:\/\/orthodoxs.org\/index.php?rest_route=\/wp\/v2\/posts\/1199\/revisions\/1200"}],"wp:featuredmedia":[{"embeddable":true,"href":"https:\/\/orthodoxs.org\/index.php?rest_route=\/wp\/v2\/media\/1194"}],"wp:attachment":[{"href":"https:\/\/orthodoxs.org\/index.php?rest_route=%2Fwp%2Fv2%2Fmedia&parent=1199"}],"wp:term":[{"taxonomy":"category","embeddable":true,"href":"https:\/\/orthodoxs.org\/index.php?rest_route=%2Fwp%2Fv2%2Fcategories&post=1199"},{"taxonomy":"post_tag","embeddable":true,"href":"https:\/\/orthodoxs.org\/index.php?rest_route=%2Fwp%2Fv2%2Ftags&post=1199"}],"curies":[{"name":"wp","href":"https:\/\/api.w.org\/{rel}","templated":true}]}}