{"id":1187,"date":"2023-04-11T18:25:39","date_gmt":"2023-04-11T18:25:39","guid":{"rendered":"https:\/\/orthodoxs.org\/?p=1187"},"modified":"2023-04-11T18:25:39","modified_gmt":"2023-04-11T18:25:39","slug":"servicio-divino-del-martes-santo","status":"publish","type":"post","link":"https:\/\/orthodoxs.org\/?p=1187","title":{"rendered":"Servicio Divino del Martes Santo"},"content":{"rendered":"<p>El Martes Santo, 11 de abril de 2023, Su Beatitud Epifanio, Metropolita de Kiev y Toda Ucrania celebr\u00f3 la Liturgia de los Dones Preconsagrados en la Catedral de San Miguel con la C\u00fapula Dorada.<\/p>\n<p>El jefe de la Iglesia ortodoxa ucraniana autoc\u00e9fala fue co-servido por el vicario del monasterio de Zolotovercha, el arzobispo Agapit de Vyshhorod, el obispo Yefrem de Vasylkiv, v.\u00a0en.\u00a0el vicario de la Santa Dormici\u00f3n Kyiv-Pechersk Lavra, Archimandrita Abraham, hermanos del monasterio y clero invitado.<\/p>\n<p>Durante el servicio, se escucharon oraciones por los soldados que defienden Ucrania, por el gobierno y nuestro pueblo, y por la paz de las almas de todos los defensores ca\u00eddos de la Patria y los civiles.\u00a0Su Beatitud tambi\u00e9n ofreci\u00f3\u00a0\u00a0una oraci\u00f3n\u00a0\u00a0por la liberaci\u00f3n de Ucrania de la invasi\u00f3n de extranjeros.<\/p>\n<p>Adem\u00e1s, el metropolitano Epifanio honr\u00f3 al clero con premios sacerdotales regulares.<\/p>\n<p>De las palabras evang\u00e9licas de nuestro Se\u00f1or Jesucristo, la Iglesia escogi\u00f3 para la instrucci\u00f3n de los creyentes el Martes Santo la par\u00e1bola de las diez v\u00edrgenes, que es especialmente apropiada para la Semana Santa.<\/p>\n<p>Dice que siempre debemos esperar encontrarnos con el Salvador, quien en la par\u00e1bola se presenta en la imagen de un novio.\u00a0Las v\u00edrgenes prudentes prepararon con anticipaci\u00f3n sus l\u00e1mparas y se encontraron con el Esposo.<\/p>\n<p>Luego vienen las insensatas, que no se prepararon bien y no tomaron suficiente aceite para sus l\u00e1mparas, sino que fueron a comprarlo justo en el momento en que llegaba el Esposo.<\/p>\n<p>Con la par\u00e1bola de las diez v\u00edrgenes y en sus himnos de este d\u00eda, la Iglesia Ortodoxa nos llama a la rectitud ya recordar la venida del Salvador, que vendr\u00e1 a juzgar a vivos y muertos.<\/p>\n\n\n<figure class=\"wp-block-embed aligncenter is-type-video is-provider-youtube wp-block-embed-youtube wp-embed-aspect-16-9 wp-has-aspect-ratio\"><div class=\"wp-block-embed__wrapper\">\n<iframe title=\"\u0420\u0430\u043d\u0456\u0448\u043d\u0454 \u0431\u043e\u0433\u043e\u0441\u043b\u0443\u0436\u0456\u043d\u043d\u044f \u0443 \u0412\u0435\u043b\u0438\u043a\u0438\u0439 \u0432\u0456\u0432\u0442\u043e\u0440\u043e\u043a \u0421\u0442\u0440\u0430\u0441\u043d\u043e\u0433\u043e \u0442\u0438\u0436\u043d\u044f\" width=\"640\" height=\"360\" src=\"https:\/\/www.youtube.com\/embed\/YZvsm47_bcM?feature=oembed\" frameborder=\"0\" allow=\"accelerometer; autoplay; clipboard-write; encrypted-media; gyroscope; picture-in-picture; web-share\" referrerpolicy=\"strict-origin-when-cross-origin\" allowfullscreen><\/iframe>\n<\/div><\/figure>\n\n\n<div class=\"wp-block-image\">\n<figure class=\"aligncenter size-large\"><img decoding=\"async\" src=\"https:\/\/www.pomisna.info\/wp-content\/uploads\/2023\/04\/dsc_6485.jpg\" alt=\"\"\/><\/figure>\n<\/div>\n\n<div class=\"wp-block-image\">\n<figure class=\"aligncenter size-large\"><img decoding=\"async\" src=\"https:\/\/www.pomisna.info\/wp-content\/uploads\/2023\/04\/dsc_6302.jpg\" alt=\"\"\/><\/figure>\n<\/div>\n\n<div class=\"wp-block-image\">\n<figure class=\"aligncenter size-large\"><img decoding=\"async\" src=\"https:\/\/www.pomisna.info\/wp-content\/uploads\/2023\/04\/dsc_6323.jpg\" alt=\"\"\/><\/figure>\n<\/div>\n\n<div class=\"wp-block-image\">\n<figure class=\"aligncenter size-large\"><img decoding=\"async\" src=\"https:\/\/www.pomisna.info\/wp-content\/uploads\/2023\/04\/dsc_6339.jpg\" alt=\"\"\/><\/figure>\n<\/div>\n\n<div class=\"wp-block-image\">\n<figure class=\"aligncenter size-large\"><img decoding=\"async\" src=\"https:\/\/www.pomisna.info\/wp-content\/uploads\/2023\/04\/dsc_6367.jpg\" alt=\"\"\/><\/figure>\n<\/div>\n\n<div class=\"wp-block-image\">\n<figure class=\"aligncenter size-large\"><img decoding=\"async\" src=\"https:\/\/www.pomisna.info\/wp-content\/uploads\/2023\/04\/dsc_6453.jpg\" alt=\"\"\/><\/figure>\n<\/div>\n\n<div class=\"wp-block-image\">\n<figure class=\"aligncenter size-large\"><img decoding=\"async\" src=\"https:\/\/www.pomisna.info\/wp-content\/uploads\/2023\/04\/dsc_6464.jpg\" alt=\"\"\/><\/figure>\n<\/div>\n\n<div class=\"wp-block-image\">\n<figure class=\"aligncenter size-large\"><img decoding=\"async\" src=\"https:\/\/www.pomisna.info\/wp-content\/uploads\/2023\/04\/dsc_6503.jpg\" alt=\"\"\/><\/figure>\n<\/div>\n\n<div class=\"wp-block-image\">\n<figure class=\"aligncenter size-large\"><img decoding=\"async\" src=\"https:\/\/www.pomisna.info\/wp-content\/uploads\/2023\/04\/dsc_6549.jpg\" alt=\"\"\/><\/figure>\n<\/div>","protected":false},"excerpt":{"rendered":"<p>El Martes Santo, 11 de abril de 2023, Su Beatitud Epifanio, Metropolita de Kiev y Toda Ucrania celebr\u00f3 la Liturgia de los Dones Preconsagrados en la Catedral de San Miguel con la C\u00fapula Dorada. El jefe de la Iglesia ortodoxa ucraniana autoc\u00e9fala fue co-servido por el vicario del monasterio de Zolotovercha, el arzobispo Agapit de [&hellip;]<\/p>\n","protected":false},"author":1,"featured_media":1188,"comment_status":"closed","ping_status":"closed","sticky":false,"template":"","format":"standard","meta":{"om_disable_all_campaigns":false,"_monsterinsights_skip_tracking":false,"_monsterinsights_sitenote_active":false,"_monsterinsights_sitenote_note":"","_monsterinsights_sitenote_category":0,"_s2mail":"yes","footnotes":""},"categories":[2],"tags":[],"class_list":["post-1187","post","type-post","status-publish","format-standard","has-post-thumbnail","hentry","category-noticias"],"aioseo_notices":[],"_links":{"self":[{"href":"https:\/\/orthodoxs.org\/index.php?rest_route=\/wp\/v2\/posts\/1187","targetHints":{"allow":["GET"]}}],"collection":[{"href":"https:\/\/orthodoxs.org\/index.php?rest_route=\/wp\/v2\/posts"}],"about":[{"href":"https:\/\/orthodoxs.org\/index.php?rest_route=\/wp\/v2\/types\/post"}],"author":[{"embeddable":true,"href":"https:\/\/orthodoxs.org\/index.php?rest_route=\/wp\/v2\/users\/1"}],"replies":[{"embeddable":true,"href":"https:\/\/orthodoxs.org\/index.php?rest_route=%2Fwp%2Fv2%2Fcomments&post=1187"}],"version-history":[{"count":1,"href":"https:\/\/orthodoxs.org\/index.php?rest_route=\/wp\/v2\/posts\/1187\/revisions"}],"predecessor-version":[{"id":1189,"href":"https:\/\/orthodoxs.org\/index.php?rest_route=\/wp\/v2\/posts\/1187\/revisions\/1189"}],"wp:featuredmedia":[{"embeddable":true,"href":"https:\/\/orthodoxs.org\/index.php?rest_route=\/wp\/v2\/media\/1188"}],"wp:attachment":[{"href":"https:\/\/orthodoxs.org\/index.php?rest_route=%2Fwp%2Fv2%2Fmedia&parent=1187"}],"wp:term":[{"taxonomy":"category","embeddable":true,"href":"https:\/\/orthodoxs.org\/index.php?rest_route=%2Fwp%2Fv2%2Fcategories&post=1187"},{"taxonomy":"post_tag","embeddable":true,"href":"https:\/\/orthodoxs.org\/index.php?rest_route=%2Fwp%2Fv2%2Ftags&post=1187"}],"curies":[{"name":"wp","href":"https:\/\/api.w.org\/{rel}","templated":true}]}}