{"id":1182,"date":"2023-04-11T00:12:24","date_gmt":"2023-04-11T00:12:24","guid":{"rendered":"https:\/\/orthodoxs.org\/?p=1182"},"modified":"2023-04-11T00:18:19","modified_gmt":"2023-04-11T00:18:19","slug":"divina-liturgia-del-lunes-santo","status":"publish","type":"post","link":"https:\/\/orthodoxs.org\/?p=1182","title":{"rendered":"Divina Liturgia del Lunes Santo"},"content":{"rendered":"<p>El Lunes Santo, 10 de abril de 2023, Su Beatitud Epifanio Metropolitano de Kiev y Toda Ucrania celebr\u00f3 la Liturgia de los Dones Preconsagrados en la Catedral de la C\u00fapula Dorada de San Miguel de la capital.<\/p>\n<p>El jefe de la Iglesia ortodoxa ucraniana autoc\u00e9fala fue co-servido por el vicario del monasterio de Zolotovercha, el arzobispo Agapit de Vyshhorod, el obispo Yefrem de Vasylkiv, v.&nbsp;en.&nbsp;el vicario de la Santa Dormici\u00f3n Kyiv-Pechersk Lavra, Archimandrita Abraham, hermanos del monasterio y clero invitado.<\/p>\n<p>Durante el servicio, se escucharon oraciones por los soldados que defienden Ucrania, por el gobierno y nuestro pueblo, y por la paz de las almas de todos los defensores ca\u00eddos de la Patria y los civiles.&nbsp;Su Beatitud tambi\u00e9n ofreci\u00f3&nbsp;una <a href=\"https:\/\/www.pomisna.info\/uk\/vsi-novyny\/molytvy-za-ukrayinu-za-nashyh-voyiniv-za-peremogu-pravdy-j-spravedlyvyj-myr\/\">oraci\u00f3n<\/a>&nbsp;&nbsp;por la liberaci\u00f3n de Ucrania de la invasi\u00f3n de extranjeros.<\/p>\n<p>Adem\u00e1s, el metropolitano Epifanio honr\u00f3 al clero con premios sacerdotales regulares.<\/p>\n<p>La \u00faltima semana antes de Pascua se llama Semana Santa o Semana Santa.&nbsp;Tiene tal nombre porque est\u00e1 dedicado a la memoria de los \u00faltimos d\u00edas de la vida terrena del Salvador: Su sufrimiento, muerte en la cruz y sepultura.&nbsp;Todos los d\u00edas de la Semana Santa tambi\u00e9n son llamados &#8220;Grandes&#8221;.<\/p>\n<p>Debido al especial significado espiritual y la grandeza de los servicios de este per\u00edodo, la Semana Santa no est\u00e1 incluida en el c\u00edrculo lit\u00fargico de la Gran Cuaresma, sino que se encuentra separada, como una transici\u00f3n del Santo Pentecost\u00e9s a la Resplandeciente Resurrecci\u00f3n de Cristo.&nbsp;La Semana Santa es especial porque es el per\u00edodo m\u00e1s estricto de ayuno.&nbsp;Los cristianos reflexionan sobre la pasi\u00f3n de Jesucristo y se preparan para la fiesta de la Resplandeciente Resurrecci\u00f3n de Cristo.<\/p>\n\n\n<figure class=\"wp-block-embed is-type-video is-provider-youtube wp-block-embed-youtube wp-embed-aspect-16-9 wp-has-aspect-ratio\"><div class=\"wp-block-embed__wrapper\">\n<iframe title=\"\u0420\u0430\u043d\u0456\u0448\u043d\u0454 \u0431\u043e\u0433\u043e\u0441\u043b\u0443\u0436\u0456\u043d\u043d\u044f \u0443 \u0412\u0435\u043b\u0438\u043a\u0438\u0439 \u043f\u043e\u043d\u0435\u0434\u0456\u043b\u043e\u043a \u0421\u0442\u0440\u0430\u0441\u043d\u043e\u0433\u043e \u0442\u0438\u0436\u043d\u044f\" width=\"640\" height=\"360\" src=\"https:\/\/www.youtube.com\/embed\/X1mtbQNmDbc?feature=oembed\" frameborder=\"0\" allow=\"accelerometer; autoplay; clipboard-write; encrypted-media; gyroscope; picture-in-picture; web-share\" referrerpolicy=\"strict-origin-when-cross-origin\" allowfullscreen><\/iframe>\n<\/div><\/figure>\n\n\n<div class=\"wp-block-image\">\n<figure class=\"aligncenter size-large\"><img decoding=\"async\" src=\"https:\/\/www.pomisna.info\/wp-content\/uploads\/2023\/04\/dsc_6243.jpg\" alt=\"\"\/><\/figure>\n<\/div>\n\n<div class=\"wp-block-image\">\n<figure class=\"aligncenter size-large\"><img decoding=\"async\" src=\"https:\/\/www.pomisna.info\/wp-content\/uploads\/2023\/04\/dsc_6039.jpg\" alt=\"\"\/><\/figure>\n<\/div>\n\n\n<figure class=\"wp-block-image size-large\"><img fetchpriority=\"high\" decoding=\"async\" width=\"1024\" height=\"682\" src=\"https:\/\/orthodoxs.org\/wp-content\/uploads\/2023\/04\/dsc_60531-1-1024x682.jpg\" alt=\"\" class=\"wp-image-1183\" srcset=\"https:\/\/orthodoxs.org\/wp-content\/uploads\/2023\/04\/dsc_60531-1-1024x682.jpg 1024w, https:\/\/orthodoxs.org\/wp-content\/uploads\/2023\/04\/dsc_60531-1-300x200.jpg 300w, https:\/\/orthodoxs.org\/wp-content\/uploads\/2023\/04\/dsc_60531-1-768x511.jpg 768w, https:\/\/orthodoxs.org\/wp-content\/uploads\/2023\/04\/dsc_60531-1-1536x1022.jpg 1536w, https:\/\/orthodoxs.org\/wp-content\/uploads\/2023\/04\/dsc_60531-1.jpg 1600w\" sizes=\"(max-width: 1024px) 100vw, 1024px\" \/><\/figure>\n\n\n<div class=\"wp-block-image\">\n<figure class=\"aligncenter size-large\"><img decoding=\"async\" src=\"https:\/\/www.pomisna.info\/wp-content\/uploads\/2023\/04\/dsc_6058.jpg\" alt=\"\"\/><\/figure>\n<\/div>\n\n<div class=\"wp-block-image\">\n<figure class=\"aligncenter size-large\"><img decoding=\"async\" src=\"https:\/\/www.pomisna.info\/wp-content\/uploads\/2023\/04\/dsc_6072.jpg\" alt=\"\"\/><\/figure>\n<\/div>\n\n<div class=\"wp-block-image\">\n<figure class=\"aligncenter size-large\"><img decoding=\"async\" src=\"https:\/\/www.pomisna.info\/wp-content\/uploads\/2023\/04\/dsc_6076.jpg\" alt=\"\"\/><\/figure>\n<\/div>\n\n<div class=\"wp-block-image\">\n<figure class=\"aligncenter size-large\"><img decoding=\"async\" src=\"https:\/\/www.pomisna.info\/wp-content\/uploads\/2023\/04\/dsc_6085.jpg\" alt=\"\"\/><\/figure>\n<\/div>\n\n<div class=\"wp-block-image\">\n<figure class=\"aligncenter size-large\"><img decoding=\"async\" src=\"https:\/\/www.pomisna.info\/wp-content\/uploads\/2023\/04\/dsc_6103.jpg\" alt=\"\"\/><\/figure>\n<\/div>\n\n<div class=\"wp-block-image\">\n<figure class=\"aligncenter size-large\"><img decoding=\"async\" src=\"https:\/\/www.pomisna.info\/wp-content\/uploads\/2023\/04\/dsc_6211.jpg\" alt=\"\"\/><\/figure>\n<\/div>\n\n<div class=\"wp-block-image\">\n<figure class=\"aligncenter size-large\"><img decoding=\"async\" src=\"https:\/\/www.pomisna.info\/wp-content\/uploads\/2023\/04\/dsc_6289.jpg\" alt=\"\"\/><\/figure>\n<\/div>","protected":false},"excerpt":{"rendered":"<p>El Lunes Santo, 10 de abril de 2023, Su Beatitud Epifanio Metropolitano de Kiev y Toda Ucrania celebr\u00f3 la Liturgia de los Dones Preconsagrados en la Catedral de la C\u00fapula Dorada de San Miguel de la capital. El jefe de la Iglesia ortodoxa ucraniana autoc\u00e9fala fue co-servido por el vicario del monasterio de Zolotovercha, el [&hellip;]<\/p>\n","protected":false},"author":1,"featured_media":1177,"comment_status":"closed","ping_status":"closed","sticky":false,"template":"","format":"standard","meta":{"om_disable_all_campaigns":false,"_monsterinsights_skip_tracking":false,"_monsterinsights_sitenote_active":false,"_monsterinsights_sitenote_note":"","_monsterinsights_sitenote_category":0,"_s2mail":"yes","footnotes":""},"categories":[2],"tags":[],"class_list":["post-1182","post","type-post","status-publish","format-standard","has-post-thumbnail","hentry","category-noticias"],"aioseo_notices":[],"_links":{"self":[{"href":"https:\/\/orthodoxs.org\/index.php?rest_route=\/wp\/v2\/posts\/1182","targetHints":{"allow":["GET"]}}],"collection":[{"href":"https:\/\/orthodoxs.org\/index.php?rest_route=\/wp\/v2\/posts"}],"about":[{"href":"https:\/\/orthodoxs.org\/index.php?rest_route=\/wp\/v2\/types\/post"}],"author":[{"embeddable":true,"href":"https:\/\/orthodoxs.org\/index.php?rest_route=\/wp\/v2\/users\/1"}],"replies":[{"embeddable":true,"href":"https:\/\/orthodoxs.org\/index.php?rest_route=%2Fwp%2Fv2%2Fcomments&post=1182"}],"version-history":[{"count":3,"href":"https:\/\/orthodoxs.org\/index.php?rest_route=\/wp\/v2\/posts\/1182\/revisions"}],"predecessor-version":[{"id":1186,"href":"https:\/\/orthodoxs.org\/index.php?rest_route=\/wp\/v2\/posts\/1182\/revisions\/1186"}],"wp:featuredmedia":[{"embeddable":true,"href":"https:\/\/orthodoxs.org\/index.php?rest_route=\/wp\/v2\/media\/1177"}],"wp:attachment":[{"href":"https:\/\/orthodoxs.org\/index.php?rest_route=%2Fwp%2Fv2%2Fmedia&parent=1182"}],"wp:term":[{"taxonomy":"category","embeddable":true,"href":"https:\/\/orthodoxs.org\/index.php?rest_route=%2Fwp%2Fv2%2Fcategories&post=1182"},{"taxonomy":"post_tag","embeddable":true,"href":"https:\/\/orthodoxs.org\/index.php?rest_route=%2Fwp%2Fv2%2Ftags&post=1182"}],"curies":[{"name":"wp","href":"https:\/\/api.w.org\/{rel}","templated":true}]}}