{"id":1174,"date":"2023-04-10T18:22:27","date_gmt":"2023-04-10T18:22:27","guid":{"rendered":"https:\/\/orthodoxs.org\/?p=1174"},"modified":"2023-04-10T18:22:28","modified_gmt":"2023-04-10T18:22:28","slug":"en-el-dia-de-la-fiesta-de-la-entrada-del-senor-en-jerusalen-el-primado-realizo-la-divina-liturgia-en-la-lavra","status":"publish","type":"post","link":"https:\/\/orthodoxs.org\/?p=1174","title":{"rendered":"En el d\u00eda de la Fiesta de la Entrada del Se\u00f1or en Jerusal\u00e9n, el Primado realiz\u00f3 la Divina Liturgia en la Lavra"},"content":{"rendered":"<p><span style=\"color: #000000;\">En el d\u00eda de la Fiesta de la Entrada del Se\u00f1or en Jerusal\u00e9n, 9 de abril de 2023, el Santo Archimandrita de la Santa Dormici\u00f3n Kyiv-Pechersk Lavra, Su Beatitud Epifan\u00eda Metropolitana, dirigi\u00f3 la Divina Liturgia en la Iglesia del Tabern\u00e1culo en honor a los Santos Antonio y Teodosio de Pechersk en el territorio de la Alta Lavra.<\/span><\/p>\n<p>Metropolitano Kliment de Simferopol y Crimea, Metropolitano Eustratiy de Bylotserk, Arzobispo Yakiv de Drohobytsky y Sambir, Arzobispo de Luhansk y Starobil Lavrentii, Arzobispo de Volodymyr y Novovolyn Matthew, Arzobispo de Chernivtsi y Khotyn, Herman de Chernivtsi, Arzobispo de Vyshgorod, Agapit de Vyshhorod , y el arzobispo de Slobozh, el arzobispo de Kharkiv se desempe\u00f1\u00f3 como jefe de la Iglesia ortodoxa ucraniana autoc\u00e9fala.\u00a0en.\u00a0el vicario de la Asunci\u00f3n de la Santa Asunci\u00f3n Kyiv-Pechersk Lavra, Archimandrita Avraamiy y numerosos cl\u00e9rigos invitados.<\/p>\n<p>Despu\u00e9s de leer el Evangelio, Su Beatitud pronunci\u00f3 la primera consagraci\u00f3n del serm\u00f3n y ofreci\u00f3 una\u00a0\u00a0<a href=\"https:\/\/www.pomisna.info\/uk\/vsi-novyny\/molytvy-za-ukrayinu-za-nashyh-voyiniv-za-peremogu-pravdy-j-spravedlyvyj-myr\/\">oraci\u00f3n\u00a0<\/a>especial \u00a0al Se\u00f1or en un momento en que la Patria est\u00e1 en peligro.<\/p>\n<p>Tambi\u00e9n se escucharon oraciones durante el servicio por los soldados que defienden Ucrania, por el gobierno y nuestro pueblo, y por la paz de las almas de todos los defensores ca\u00eddos de la Patria y los civiles.<\/p>\n<p>Al final del servicio solemne, Su Beatitud el Obispo roci\u00f3 las ramas de sauce y los presentes con agua bendita.<\/p>\n<p>\u00a0<\/p>\n\n<div class=\"wp-block-image\">\n<figure class=\"aligncenter size-large\"><img decoding=\"async\" src=\"https:\/\/www.pomisna.info\/wp-content\/uploads\/2023\/04\/dsc_5243.jpg\" alt=\"\"\/><\/figure>\n<\/div>\n\n<div class=\"wp-block-image\">\n<figure class=\"aligncenter size-large\"><img decoding=\"async\" src=\"https:\/\/www.pomisna.info\/wp-content\/uploads\/2023\/04\/dsc_5277.jpg\" alt=\"\"\/><\/figure>\n<\/div>\n\n<div class=\"wp-block-image\">\n<figure class=\"aligncenter size-large\"><img decoding=\"async\" src=\"https:\/\/www.pomisna.info\/wp-content\/uploads\/2023\/04\/dsc_5288.jpg\" alt=\"\"\/><\/figure>\n<\/div>\n\n<div class=\"wp-block-image\">\n<figure class=\"aligncenter size-large\"><img decoding=\"async\" src=\"https:\/\/www.pomisna.info\/wp-content\/uploads\/2023\/04\/dsc_5298.jpg\" alt=\"\"\/><\/figure>\n<\/div>\n\n<div class=\"wp-block-image\">\n<figure class=\"aligncenter size-large\"><img decoding=\"async\" src=\"https:\/\/www.pomisna.info\/wp-content\/uploads\/2023\/04\/dsc_5305.jpg\" alt=\"\"\/><\/figure>\n<\/div>\n\n<div class=\"wp-block-image\">\n<figure class=\"aligncenter size-large\"><img decoding=\"async\" src=\"https:\/\/www.pomisna.info\/wp-content\/uploads\/2023\/04\/dsc_5335.jpg\" alt=\"\"\/><\/figure>\n<\/div>\n\n<div class=\"wp-block-image\">\n<figure class=\"aligncenter size-large\"><img decoding=\"async\" src=\"https:\/\/www.pomisna.info\/wp-content\/uploads\/2023\/04\/dsc_5345.jpg\" alt=\"\"\/><\/figure>\n<\/div>\n\n<div class=\"wp-block-image\">\n<figure class=\"aligncenter size-large\"><img decoding=\"async\" src=\"https:\/\/www.pomisna.info\/wp-content\/uploads\/2023\/04\/dsc_5378.jpg\" alt=\"\"\/><\/figure>\n<\/div>\n\n<div class=\"wp-block-image\">\n<figure class=\"aligncenter size-large\"><img decoding=\"async\" src=\"https:\/\/www.pomisna.info\/wp-content\/uploads\/2023\/04\/dsc_5392.jpg\" alt=\"\"\/><\/figure>\n<\/div>\n\n<div class=\"wp-block-image\">\n<figure class=\"aligncenter size-large\"><img decoding=\"async\" src=\"https:\/\/www.pomisna.info\/wp-content\/uploads\/2023\/04\/dsc_5547.jpg\" alt=\"\"\/><\/figure>\n<\/div>\n\n<div class=\"wp-block-image\">\n<figure class=\"aligncenter size-large\"><img decoding=\"async\" src=\"https:\/\/www.pomisna.info\/wp-content\/uploads\/2023\/04\/dsc_5649.jpg\" alt=\"\"\/><\/figure>\n<\/div>","protected":false},"excerpt":{"rendered":"<p>En el d\u00eda de la Fiesta de la Entrada del Se\u00f1or en Jerusal\u00e9n, 9 de abril de 2023, el Santo Archimandrita de la Santa Dormici\u00f3n Kyiv-Pechersk Lavra, Su Beatitud Epifan\u00eda Metropolitana, dirigi\u00f3 la Divina Liturgia en la Iglesia del Tabern\u00e1culo en honor a los Santos Antonio y Teodosio de Pechersk en el territorio de la [&hellip;]<\/p>\n","protected":false},"author":1,"featured_media":133,"comment_status":"closed","ping_status":"closed","sticky":false,"template":"","format":"standard","meta":{"om_disable_all_campaigns":false,"_monsterinsights_skip_tracking":false,"_monsterinsights_sitenote_active":false,"_monsterinsights_sitenote_note":"","_monsterinsights_sitenote_category":0,"_s2mail":"","footnotes":""},"categories":[2],"tags":[],"class_list":["post-1174","post","type-post","status-publish","format-standard","has-post-thumbnail","hentry","category-noticias"],"aioseo_notices":[],"_links":{"self":[{"href":"https:\/\/orthodoxs.org\/index.php?rest_route=\/wp\/v2\/posts\/1174","targetHints":{"allow":["GET"]}}],"collection":[{"href":"https:\/\/orthodoxs.org\/index.php?rest_route=\/wp\/v2\/posts"}],"about":[{"href":"https:\/\/orthodoxs.org\/index.php?rest_route=\/wp\/v2\/types\/post"}],"author":[{"embeddable":true,"href":"https:\/\/orthodoxs.org\/index.php?rest_route=\/wp\/v2\/users\/1"}],"replies":[{"embeddable":true,"href":"https:\/\/orthodoxs.org\/index.php?rest_route=%2Fwp%2Fv2%2Fcomments&post=1174"}],"version-history":[{"count":1,"href":"https:\/\/orthodoxs.org\/index.php?rest_route=\/wp\/v2\/posts\/1174\/revisions"}],"predecessor-version":[{"id":1175,"href":"https:\/\/orthodoxs.org\/index.php?rest_route=\/wp\/v2\/posts\/1174\/revisions\/1175"}],"wp:featuredmedia":[{"embeddable":true,"href":"https:\/\/orthodoxs.org\/index.php?rest_route=\/wp\/v2\/media\/133"}],"wp:attachment":[{"href":"https:\/\/orthodoxs.org\/index.php?rest_route=%2Fwp%2Fv2%2Fmedia&parent=1174"}],"wp:term":[{"taxonomy":"category","embeddable":true,"href":"https:\/\/orthodoxs.org\/index.php?rest_route=%2Fwp%2Fv2%2Fcategories&post=1174"},{"taxonomy":"post_tag","embeddable":true,"href":"https:\/\/orthodoxs.org\/index.php?rest_route=%2Fwp%2Fv2%2Ftags&post=1174"}],"curies":[{"name":"wp","href":"https:\/\/api.w.org\/{rel}","templated":true}]}}