{"id":1156,"date":"2023-03-20T02:45:59","date_gmt":"2023-03-20T02:45:59","guid":{"rendered":"https:\/\/orthodoxs.org\/?p=1156"},"modified":"2023-03-20T02:46:00","modified_gmt":"2023-03-20T02:46:00","slug":"vigilia-nocturna-en-visperas-de-la-adoracion-de-la-cruz-domingo-de-gran-cuaresma","status":"publish","type":"post","link":"https:\/\/orthodoxs.org\/?p=1156","title":{"rendered":"Vigilia nocturna en v\u00edsperas de la Adoraci\u00f3n de la Cruz Domingo de Gran Cuaresma"},"content":{"rendered":"<p>En la v\u00edspera del tercer domingo de la Gran Cuaresma, que se llama Adoraci\u00f3n de la Cruz, el 18 de marzo de 2023, Su Beatitud Epifan\u00eda Metropolitana de Kiev y Toda Ucrania celebr\u00f3 una vigilia nocturna en la catedral de la Iglesia Ortodoxa de Ucrania. &#8211; Catedral de las C\u00fapulas Doradas de San Miguel.<\/p>\n<p>El metropolitano Volodymyr de Mykolaiv y Epiphany, el metropolitano Kliment de Simferopol y Crimea, el arzobispo Lavrentiy de Luhansk y Starobil, el arzobispo Agapit de Vyshgorod, el obispo Efrem de Vasylkiv, todos los honorables hermanos del monasterio y el clero invitado oraron con Su Beatitud.<\/p>\n<p>Durante el servicio, el Primado de la Iglesia ortodoxa ucraniana autoc\u00e9fala llev\u00f3 a cabo la Santa y vivificante Cruz del Se\u00f1or en el centro de la iglesia.<\/p>\n\n<div class=\"wp-block-image\">\n<figure class=\"aligncenter size-large\"><img decoding=\"async\" src=\"https:\/\/www.pomisna.info\/wp-content\/uploads\/2023\/03\/1-9.jpg\" alt=\"\"\/><\/figure>\n<\/div>\n\n<div class=\"wp-block-image\">\n<figure class=\"aligncenter size-large\"><img decoding=\"async\" src=\"https:\/\/www.pomisna.info\/wp-content\/uploads\/2023\/03\/2-4.jpg\" alt=\"\"\/><\/figure>\n<\/div>\n\n<div class=\"wp-block-image\">\n<figure class=\"aligncenter size-large\"><img decoding=\"async\" src=\"https:\/\/www.pomisna.info\/wp-content\/uploads\/2023\/03\/3-3.jpg\" alt=\"\"\/><\/figure>\n<\/div>\n\n<div class=\"wp-block-image\">\n<figure class=\"aligncenter size-large\"><img decoding=\"async\" src=\"https:\/\/www.pomisna.info\/wp-content\/uploads\/2023\/03\/dsc_1077.jpg\" alt=\"\"\/><\/figure>\n<\/div>\n\n<div class=\"wp-block-image\">\n<figure class=\"aligncenter size-large\"><img decoding=\"async\" src=\"https:\/\/www.pomisna.info\/wp-content\/uploads\/2023\/03\/dsc_1078.jpg\" alt=\"\"\/><\/figure>\n<\/div>\n\n<div class=\"wp-block-image\">\n<figure class=\"aligncenter size-large\"><img decoding=\"async\" src=\"https:\/\/www.pomisna.info\/wp-content\/uploads\/2023\/03\/dsc_1173.jpg\" alt=\"\"\/><\/figure>\n<\/div>\n\n<div class=\"wp-block-image\">\n<figure class=\"aligncenter size-large\"><img decoding=\"async\" src=\"https:\/\/www.pomisna.info\/wp-content\/uploads\/2023\/03\/dsc_1187.jpg\" alt=\"\"\/><\/figure>\n<\/div>\n\n<div class=\"wp-block-image\">\n<figure class=\"aligncenter size-large\"><img decoding=\"async\" src=\"https:\/\/www.pomisna.info\/wp-content\/uploads\/2023\/03\/dsc_1211.jpg\" alt=\"\"\/><\/figure>\n<\/div>","protected":false},"excerpt":{"rendered":"<p>En la v\u00edspera del tercer domingo de la Gran Cuaresma, que se llama Adoraci\u00f3n de la Cruz, el 18 de marzo de 2023, Su Beatitud Epifan\u00eda Metropolitana de Kiev y Toda Ucrania celebr\u00f3 una vigilia nocturna en la catedral de la Iglesia Ortodoxa de Ucrania. &#8211; Catedral de las C\u00fapulas Doradas de San Miguel. El [&hellip;]<\/p>\n","protected":false},"author":1,"featured_media":1152,"comment_status":"closed","ping_status":"closed","sticky":false,"template":"","format":"standard","meta":{"om_disable_all_campaigns":false,"_monsterinsights_skip_tracking":false,"_monsterinsights_sitenote_active":false,"_monsterinsights_sitenote_note":"","_monsterinsights_sitenote_category":0,"_s2mail":"","footnotes":""},"categories":[2],"tags":[],"class_list":["post-1156","post","type-post","status-publish","format-standard","has-post-thumbnail","hentry","category-noticias"],"aioseo_notices":[],"_links":{"self":[{"href":"https:\/\/orthodoxs.org\/index.php?rest_route=\/wp\/v2\/posts\/1156","targetHints":{"allow":["GET"]}}],"collection":[{"href":"https:\/\/orthodoxs.org\/index.php?rest_route=\/wp\/v2\/posts"}],"about":[{"href":"https:\/\/orthodoxs.org\/index.php?rest_route=\/wp\/v2\/types\/post"}],"author":[{"embeddable":true,"href":"https:\/\/orthodoxs.org\/index.php?rest_route=\/wp\/v2\/users\/1"}],"replies":[{"embeddable":true,"href":"https:\/\/orthodoxs.org\/index.php?rest_route=%2Fwp%2Fv2%2Fcomments&post=1156"}],"version-history":[{"count":1,"href":"https:\/\/orthodoxs.org\/index.php?rest_route=\/wp\/v2\/posts\/1156\/revisions"}],"predecessor-version":[{"id":1157,"href":"https:\/\/orthodoxs.org\/index.php?rest_route=\/wp\/v2\/posts\/1156\/revisions\/1157"}],"wp:featuredmedia":[{"embeddable":true,"href":"https:\/\/orthodoxs.org\/index.php?rest_route=\/wp\/v2\/media\/1152"}],"wp:attachment":[{"href":"https:\/\/orthodoxs.org\/index.php?rest_route=%2Fwp%2Fv2%2Fmedia&parent=1156"}],"wp:term":[{"taxonomy":"category","embeddable":true,"href":"https:\/\/orthodoxs.org\/index.php?rest_route=%2Fwp%2Fv2%2Fcategories&post=1156"},{"taxonomy":"post_tag","embeddable":true,"href":"https:\/\/orthodoxs.org\/index.php?rest_route=%2Fwp%2Fv2%2Ftags&post=1156"}],"curies":[{"name":"wp","href":"https:\/\/api.w.org\/{rel}","templated":true}]}}