{"id":1149,"date":"2023-03-20T02:10:00","date_gmt":"2023-03-20T02:10:00","guid":{"rendered":"https:\/\/orthodoxs.org\/?p=1149"},"modified":"2023-03-20T02:10:02","modified_gmt":"2023-03-20T02:10:02","slug":"pasion-lectura-del-evangelio-de-lucas","status":"publish","type":"post","link":"https:\/\/orthodoxs.org\/?p=1149","title":{"rendered":"Pasi\u00f3n: lectura del Evangelio de Lucas"},"content":{"rendered":"<p>El viernes por la noche de la tercera semana de Cuaresma, 17 de marzo de 2023, Su Beatitud el Metropolita Epifanio de Kiev y de Toda Ucrania celebr\u00f3 las Peque\u00f1as V\u00edsperas y la Pasi\u00f3n con la lectura del apasionado Evangelio del santo ap\u00f3stol y evangelista Lucas.<\/p>\n<p>El servicio vespertino de ayuno se llev\u00f3 a cabo en la Catedral de San Miguel de las C\u00fapulas Doradas en Kiev.<\/p>\n<p>Junto con el Jefe de la Iglesia ortodoxa ucraniana autoc\u00e9fala, rezaron el vicario del monasterio de Zolotovercha, el arzobispo Agapit de Vyshgorod, el obispo Efrem de Vasylkiv, los venerables hermanos del monasterio y el clero invitado.<\/p>\n<p>La sucesi\u00f3n de la Pasi\u00f3n es tard\u00eda en su origen.\u00a0Fue compuesta a mediados del siglo XVII por el metropolitano Peter (Mohyla) de Kiev, quien tambi\u00e9n es el creador de otras formas lit\u00fargicas.<\/p>\n<p>Despu\u00e9s de cada Pasi\u00f3n se leen pasajes del Evangelio que narran el sufrimiento de Cristo.\u00a0En el primero &#8211; los cap\u00edtulos 26 y 27 del Evangelio de Mateo, en el segundo &#8211; los Evangelios 14 y 15 de Marcos, en el tercero &#8211; los Evangelios 22 y 23 de Lucas y en el cuarto &#8211; los cap\u00edtulos 18 y 19 de el Evangelio de Juan.<\/p>\n\n<div class=\"wp-block-image\">\n<figure class=\"aligncenter size-large\"><img decoding=\"async\" src=\"https:\/\/www.pomisna.info\/wp-content\/uploads\/2023\/03\/1-8.jpg\" alt=\"\"\/><\/figure>\n<\/div>\n\n<div class=\"wp-block-image\">\n<figure class=\"aligncenter size-large\"><img decoding=\"async\" src=\"https:\/\/www.pomisna.info\/wp-content\/uploads\/2023\/03\/dsc_0957.jpg\" alt=\"\"\/><\/figure>\n<\/div>\n\n<div class=\"wp-block-image\">\n<figure class=\"aligncenter size-large\"><img decoding=\"async\" src=\"https:\/\/www.pomisna.info\/wp-content\/uploads\/2023\/03\/dsc_0982.jpg\" alt=\"\"\/><\/figure>\n<\/div>\n\n<div class=\"wp-block-image\">\n<figure class=\"aligncenter size-large\"><img decoding=\"async\" src=\"https:\/\/www.pomisna.info\/wp-content\/uploads\/2023\/03\/dsc_0989.jpg\" alt=\"\"\/><\/figure>\n<\/div>\n\n<div class=\"wp-block-image\">\n<figure class=\"aligncenter size-large\"><img decoding=\"async\" src=\"https:\/\/www.pomisna.info\/wp-content\/uploads\/2023\/03\/dsc_0993.jpg\" alt=\"\"\/><\/figure>\n<\/div>\n\n<div class=\"wp-block-image\">\n<figure class=\"aligncenter size-large\"><img decoding=\"async\" src=\"https:\/\/www.pomisna.info\/wp-content\/uploads\/2023\/03\/dsc_0996.jpg\" alt=\"\"\/><\/figure>\n<\/div>\n\n<div class=\"wp-block-image\">\n<figure class=\"aligncenter size-large\"><img decoding=\"async\" src=\"https:\/\/www.pomisna.info\/wp-content\/uploads\/2023\/03\/dsc_0997.jpg\" alt=\"\"\/><\/figure>\n<\/div>\n\n<div class=\"wp-block-image\">\n<figure class=\"aligncenter size-large\"><img decoding=\"async\" src=\"https:\/\/www.pomisna.info\/wp-content\/uploads\/2023\/03\/dsc_1012.jpg\" alt=\"\"\/><\/figure>\n<\/div>\n\n<div class=\"wp-block-image\">\n<figure class=\"aligncenter size-large\"><img decoding=\"async\" src=\"https:\/\/www.pomisna.info\/wp-content\/uploads\/2023\/03\/dsc_1035.jpg\" alt=\"\"\/><\/figure>\n<\/div>\n\n<div class=\"wp-block-image\">\n<figure class=\"aligncenter size-large\"><img decoding=\"async\" src=\"https:\/\/www.pomisna.info\/wp-content\/uploads\/2023\/03\/dsc_1071.jpg\" alt=\"\"\/><\/figure>\n<\/div>","protected":false},"excerpt":{"rendered":"<p>El viernes por la noche de la tercera semana de Cuaresma, 17 de marzo de 2023, Su Beatitud el Metropolita Epifanio de Kiev y de Toda Ucrania celebr\u00f3 las Peque\u00f1as V\u00edsperas y la Pasi\u00f3n con la lectura del apasionado Evangelio del santo ap\u00f3stol y evangelista Lucas. El servicio vespertino de ayuno se llev\u00f3 a cabo [&hellip;]<\/p>\n","protected":false},"author":1,"featured_media":1150,"comment_status":"closed","ping_status":"closed","sticky":false,"template":"","format":"standard","meta":{"om_disable_all_campaigns":false,"_monsterinsights_skip_tracking":false,"_monsterinsights_sitenote_active":false,"_monsterinsights_sitenote_note":"","_monsterinsights_sitenote_category":0,"_s2mail":"","footnotes":""},"categories":[2],"tags":[],"class_list":["post-1149","post","type-post","status-publish","format-standard","has-post-thumbnail","hentry","category-noticias"],"aioseo_notices":[],"_links":{"self":[{"href":"https:\/\/orthodoxs.org\/index.php?rest_route=\/wp\/v2\/posts\/1149","targetHints":{"allow":["GET"]}}],"collection":[{"href":"https:\/\/orthodoxs.org\/index.php?rest_route=\/wp\/v2\/posts"}],"about":[{"href":"https:\/\/orthodoxs.org\/index.php?rest_route=\/wp\/v2\/types\/post"}],"author":[{"embeddable":true,"href":"https:\/\/orthodoxs.org\/index.php?rest_route=\/wp\/v2\/users\/1"}],"replies":[{"embeddable":true,"href":"https:\/\/orthodoxs.org\/index.php?rest_route=%2Fwp%2Fv2%2Fcomments&post=1149"}],"version-history":[{"count":1,"href":"https:\/\/orthodoxs.org\/index.php?rest_route=\/wp\/v2\/posts\/1149\/revisions"}],"predecessor-version":[{"id":1151,"href":"https:\/\/orthodoxs.org\/index.php?rest_route=\/wp\/v2\/posts\/1149\/revisions\/1151"}],"wp:featuredmedia":[{"embeddable":true,"href":"https:\/\/orthodoxs.org\/index.php?rest_route=\/wp\/v2\/media\/1150"}],"wp:attachment":[{"href":"https:\/\/orthodoxs.org\/index.php?rest_route=%2Fwp%2Fv2%2Fmedia&parent=1149"}],"wp:term":[{"taxonomy":"category","embeddable":true,"href":"https:\/\/orthodoxs.org\/index.php?rest_route=%2Fwp%2Fv2%2Fcategories&post=1149"},{"taxonomy":"post_tag","embeddable":true,"href":"https:\/\/orthodoxs.org\/index.php?rest_route=%2Fwp%2Fv2%2Ftags&post=1149"}],"curies":[{"name":"wp","href":"https:\/\/api.w.org\/{rel}","templated":true}]}}