{"id":1142,"date":"2023-02-26T19:17:57","date_gmt":"2023-02-26T19:17:57","guid":{"rendered":"https:\/\/orthodoxs.org\/?p=1142"},"modified":"2023-02-26T19:17:58","modified_gmt":"2023-02-26T19:17:58","slug":"en-el-aniversario-del-ataque-ruso-el-primado-oro-por-la-victoria-y-honro-a-los-defensores-de-ucrania","status":"publish","type":"post","link":"https:\/\/orthodoxs.org\/?p=1142","title":{"rendered":"En el aniversario del ataque ruso, el Primado or\u00f3 por la victoria y honr\u00f3 a los defensores de Ucrania."},"content":{"rendered":"<p>\u00a0<\/p>\n<p>En el aniversario del ataque ruso a gran escala, el 24 de febrero de 2023, Su Beatitud el Metropolitano Epifanio de Kiev y Toda Ucrania ofreci\u00f3 una oraci\u00f3n por Ucrania, por nuestros soldados y por la victoria sobre el agresor en la Catedral de San Miguel el Grande.<\/p>\n<p>Durante el servicio, el Primado de la Iglesia Ortodoxa Autoc\u00e9fala de Ucrania tambi\u00e9n ofreci\u00f3 una oraci\u00f3n especial al Se\u00f1or en un momento en que la Patria est\u00e1 en peligro.<\/p>\n<p>Al final del servicio de oraci\u00f3n, Su Beatitud se dirigi\u00f3 a la audiencia con un discurso de consagraci\u00f3n y honr\u00f3 a los defensores de Ucrania con premios eclesi\u00e1sticos.<\/p>\n<p>&#8220;Ofrecemos nuestras oraciones de acci\u00f3n de gracias a Dios, a su Madre Pur\u00edsima y a todos los santos por el hecho de que el Se\u00f1or nos ayud\u00f3 a preservar nuestro estado ucraniano. Hoy conmemoramos el aniversario del comienzo de la invasi\u00f3n a gran escala de la Federaci\u00f3n de Rusia en Ucrania. Aunque esta guerra brutal lleva 9 a\u00f1os, el \u00faltimo a\u00f1o ha sido muy duro y dif\u00edcil. Damos gracias a Dios, damos las gracias a cada defensor de nuestra Ucrania, el h\u00e9roe m\u00e1s nuevo que lleva a cabo una haza\u00f1a, la defensa de nuestra tierra ucraniana. Estamos agradecidos con todos ustedes, nuestros nuevos h\u00e9roes-guerreros, agradecidos con cada voluntario, gente de buena voluntad, que unidos siguen haciendo buenas obras de caridad\u201d, dijo en particular Su Beatitud Obispo.<\/p>\n<p>El Primado tambi\u00e9n se\u00f1al\u00f3 que juntos somos fuertes, indomables y nadie nos vencer\u00e1 jam\u00e1s, porque entre nosotros reina el amor, por nuestra Patria, por nuestra tierra, por nuestra familia, por todos los que forman la unidad de nuestro estado ucraniano. .<\/p>\n<p>&#8220;Tambi\u00e9n debemos recordar a aquellos que ya no est\u00e1n con nosotros; despu\u00e9s de todo, el Monasterio de Techos Dorados de Mykhailo se ha convertido en el centro de conmemoraci\u00f3n de nuestros nuevos h\u00e9roes ca\u00eddos. Los recordamos, rezamos por ellos y no tenemos derecho a olvidarlos, dieron lo m\u00e1s preciado, su vida, por el bien de cada uno de nosotros, por el cielo de paz que tenemos\u201d, concluy\u00f3 Metropolitano Epifan\u00edo.<\/p>\n\n<div class=\"wp-block-image\">\n<figure class=\"aligncenter size-large\"><img decoding=\"async\" src=\"https:\/\/www.pomisna.info\/wp-content\/uploads\/2023\/02\/1-8.jpg\" alt=\"\"\/><\/figure>\n<\/div>\n\n<div class=\"wp-block-image\">\n<figure class=\"aligncenter size-large\"><img decoding=\"async\" src=\"https:\/\/www.pomisna.info\/wp-content\/uploads\/2023\/02\/dsc_6430.jpg\" alt=\"\"\/><\/figure>\n<\/div>\n\n<div class=\"wp-block-image\">\n<figure class=\"aligncenter size-large\"><img decoding=\"async\" src=\"https:\/\/www.pomisna.info\/wp-content\/uploads\/2023\/02\/dsc_6447.jpg\" alt=\"\"\/><\/figure>\n<\/div>\n\n<div class=\"wp-block-image\">\n<figure class=\"aligncenter size-large\"><img decoding=\"async\" src=\"https:\/\/www.pomisna.info\/wp-content\/uploads\/2023\/02\/dsc_6462.jpg\" alt=\"\"\/><\/figure>\n<\/div>\n\n<div class=\"wp-block-image\">\n<figure class=\"aligncenter size-large\"><img decoding=\"async\" src=\"https:\/\/www.pomisna.info\/wp-content\/uploads\/2023\/02\/dsc_6463.jpg\" alt=\"\"\/><\/figure>\n<\/div>\n\n<div class=\"wp-block-image\">\n<figure class=\"aligncenter size-large\"><img decoding=\"async\" src=\"https:\/\/www.pomisna.info\/wp-content\/uploads\/2023\/02\/dsc_6510.jpg\" alt=\"\"\/><\/figure>\n<\/div>","protected":false},"excerpt":{"rendered":"<p>\u00a0 En el aniversario del ataque ruso a gran escala, el 24 de febrero de 2023, Su Beatitud el Metropolitano Epifanio de Kiev y Toda Ucrania ofreci\u00f3 una oraci\u00f3n por Ucrania, por nuestros soldados y por la victoria sobre el agresor en la Catedral de San Miguel el Grande. Durante el servicio, el Primado de [&hellip;]<\/p>\n","protected":false},"author":1,"featured_media":138,"comment_status":"closed","ping_status":"closed","sticky":false,"template":"","format":"standard","meta":{"om_disable_all_campaigns":false,"_monsterinsights_skip_tracking":false,"_monsterinsights_sitenote_active":false,"_monsterinsights_sitenote_note":"","_monsterinsights_sitenote_category":0,"_s2mail":"","footnotes":""},"categories":[2],"tags":[],"class_list":["post-1142","post","type-post","status-publish","format-standard","has-post-thumbnail","hentry","category-noticias"],"aioseo_notices":[],"_links":{"self":[{"href":"https:\/\/orthodoxs.org\/index.php?rest_route=\/wp\/v2\/posts\/1142","targetHints":{"allow":["GET"]}}],"collection":[{"href":"https:\/\/orthodoxs.org\/index.php?rest_route=\/wp\/v2\/posts"}],"about":[{"href":"https:\/\/orthodoxs.org\/index.php?rest_route=\/wp\/v2\/types\/post"}],"author":[{"embeddable":true,"href":"https:\/\/orthodoxs.org\/index.php?rest_route=\/wp\/v2\/users\/1"}],"replies":[{"embeddable":true,"href":"https:\/\/orthodoxs.org\/index.php?rest_route=%2Fwp%2Fv2%2Fcomments&post=1142"}],"version-history":[{"count":1,"href":"https:\/\/orthodoxs.org\/index.php?rest_route=\/wp\/v2\/posts\/1142\/revisions"}],"predecessor-version":[{"id":1143,"href":"https:\/\/orthodoxs.org\/index.php?rest_route=\/wp\/v2\/posts\/1142\/revisions\/1143"}],"wp:featuredmedia":[{"embeddable":true,"href":"https:\/\/orthodoxs.org\/index.php?rest_route=\/wp\/v2\/media\/138"}],"wp:attachment":[{"href":"https:\/\/orthodoxs.org\/index.php?rest_route=%2Fwp%2Fv2%2Fmedia&parent=1142"}],"wp:term":[{"taxonomy":"category","embeddable":true,"href":"https:\/\/orthodoxs.org\/index.php?rest_route=%2Fwp%2Fv2%2Fcategories&post=1142"},{"taxonomy":"post_tag","embeddable":true,"href":"https:\/\/orthodoxs.org\/index.php?rest_route=%2Fwp%2Fv2%2Ftags&post=1142"}],"curies":[{"name":"wp","href":"https:\/\/api.w.org\/{rel}","templated":true}]}}