{"id":1134,"date":"2023-02-22T19:42:02","date_gmt":"2023-02-22T19:42:02","guid":{"rendered":"https:\/\/orthodoxs.org\/?p=1134"},"modified":"2023-02-22T19:42:02","modified_gmt":"2023-02-22T19:42:02","slug":"el-primado-bendijo-la-oracion-intensificada-en-el-aniversario-de-la-invasion-rusa","status":"publish","type":"post","link":"https:\/\/orthodoxs.org\/?p=1134","title":{"rendered":"El Primado bendijo la oraci\u00f3n intensificada en el aniversario de la invasi\u00f3n rusa"},"content":{"rendered":"<p>El Primado de la Iglesia Ortodoxa Ucraniana Autoc\u00e9fala dio su bendici\u00f3n para orar por Ucrania, sus soldados defensores y residentes pac\u00edficos y por la victoria y la llegada de una paz justa el 24 de febrero de 2023, aniversario del ataque ruso a gran escala.<\/p>\n<p>&#8220;Se acerca el aniversario de la invasi\u00f3n rusa a gran escala de Ucrania, el aniversario de la gran guerra por la libertad de nuestra Patria. Como cristianos, debemos afrontar este d\u00eda con oraci\u00f3n y ayuno.<br \/>Por lo tanto, bendigo, adem\u00e1s de nuestras oraciones habituales, el 24 de febrero en nuestros monasterios y catedrales, y donde y para quienes haya tal oportunidad, durante el d\u00eda, lea el Salterio con una oraci\u00f3n por nuestros soldados, por la victoria. de la verdad y una paz justa para Ucrania.<\/p>\n<p>Pasemos este d\u00eda en ayuno y oraci\u00f3n por nuestros defensores, por los vivos y los muertos, por los soldados y por los civiles que sufrieron y siguen sufriendo por la invasi\u00f3n del malvado imperio ruso. Y que con la ayuda de Dios se acorte el tiempo de la guerra, y se acerque el d\u00eda de la victoria y de la paz. \u00a1Am\u00e9n!&#8221;, se\u00f1al\u00f3 Su Beatitud Metropolitano Epifan\u00edo.\u00a0<\/p>\n\n\n<figure class=\"wp-block-image size-large\"><img decoding=\"async\" src=\"https:\/\/www.pomisna.info\/wp-content\/uploads\/2023\/02\/dsc_5074-1.jpg\" alt=\"\"\/><\/figure>\n","protected":false},"excerpt":{"rendered":"<p>El Primado de la Iglesia Ortodoxa Ucraniana Autoc\u00e9fala dio su bendici\u00f3n para orar por Ucrania, sus soldados defensores y residentes pac\u00edficos y por la victoria y la llegada de una paz justa el 24 de febrero de 2023, aniversario del ataque ruso a gran escala. &#8220;Se acerca el aniversario de la invasi\u00f3n rusa a gran [&hellip;]<\/p>\n","protected":false},"author":1,"featured_media":136,"comment_status":"closed","ping_status":"closed","sticky":false,"template":"","format":"standard","meta":{"om_disable_all_campaigns":false,"_monsterinsights_skip_tracking":false,"_monsterinsights_sitenote_active":false,"_monsterinsights_sitenote_note":"","_monsterinsights_sitenote_category":0,"_s2mail":"","footnotes":""},"categories":[2],"tags":[],"class_list":["post-1134","post","type-post","status-publish","format-standard","has-post-thumbnail","hentry","category-noticias"],"aioseo_notices":[],"_links":{"self":[{"href":"https:\/\/orthodoxs.org\/index.php?rest_route=\/wp\/v2\/posts\/1134","targetHints":{"allow":["GET"]}}],"collection":[{"href":"https:\/\/orthodoxs.org\/index.php?rest_route=\/wp\/v2\/posts"}],"about":[{"href":"https:\/\/orthodoxs.org\/index.php?rest_route=\/wp\/v2\/types\/post"}],"author":[{"embeddable":true,"href":"https:\/\/orthodoxs.org\/index.php?rest_route=\/wp\/v2\/users\/1"}],"replies":[{"embeddable":true,"href":"https:\/\/orthodoxs.org\/index.php?rest_route=%2Fwp%2Fv2%2Fcomments&post=1134"}],"version-history":[{"count":1,"href":"https:\/\/orthodoxs.org\/index.php?rest_route=\/wp\/v2\/posts\/1134\/revisions"}],"predecessor-version":[{"id":1135,"href":"https:\/\/orthodoxs.org\/index.php?rest_route=\/wp\/v2\/posts\/1134\/revisions\/1135"}],"wp:featuredmedia":[{"embeddable":true,"href":"https:\/\/orthodoxs.org\/index.php?rest_route=\/wp\/v2\/media\/136"}],"wp:attachment":[{"href":"https:\/\/orthodoxs.org\/index.php?rest_route=%2Fwp%2Fv2%2Fmedia&parent=1134"}],"wp:term":[{"taxonomy":"category","embeddable":true,"href":"https:\/\/orthodoxs.org\/index.php?rest_route=%2Fwp%2Fv2%2Fcategories&post=1134"},{"taxonomy":"post_tag","embeddable":true,"href":"https:\/\/orthodoxs.org\/index.php?rest_route=%2Fwp%2Fv2%2Ftags&post=1134"}],"curies":[{"name":"wp","href":"https:\/\/api.w.org\/{rel}","templated":true}]}}