{"id":1127,"date":"2022-12-20T18:42:59","date_gmt":"2022-12-20T18:42:59","guid":{"rendered":"https:\/\/orthodoxs.org\/?p=1127"},"modified":"2022-12-20T18:43:00","modified_gmt":"2022-12-20T18:43:00","slug":"divina-liturgia-en-el-dia-de-la-memoria-de-san-nicolas-el-taumaturgo","status":"publish","type":"post","link":"https:\/\/orthodoxs.org\/?p=1127","title":{"rendered":"Divina liturgia en el d\u00eda de la memoria de San Nicol\u00e1s el Taumaturgo"},"content":{"rendered":"<p>\u00a0<\/p>\n<p>El 19 de diciembre de 2022, en el d\u00eda de la conmemoraci\u00f3n de San Nicol\u00e1s el Milagroso, el Arzobispo de Myr Lykia, Su Beatitud el Metropolitano Epifanio de Kyiv y Toda Ucrania celebr\u00f3 la Divina Liturgia en la iglesia en honor a San Nicol\u00e1s (Mykola Prytiska), ubicado en el distrito Podilsky de la capital.<\/p>\n<p>El jefe de la Iglesia ortodoxa ucraniana autoc\u00e9fala fue codirigido por el obispo Lavrentiy de Lugansk y Starobil, el rector del templo, el arcipreste Oleg Malanyak y el clero invitado.<\/p>\n<p>Despu\u00e9s de la lectura del Evangelio, Su Beatitud el Obispo pronunci\u00f3 la consagraci\u00f3n del serm\u00f3n y ofreci\u00f3 una\u00a0\u00a0oraci\u00f3n\u00a0especial \u00a0al Se\u00f1or en un momento en que la Patria est\u00e1 en peligro.<\/p>\n<p>Adem\u00e1s, durante el servicio, se escucharon oraciones por los soldados que defienden Ucrania, por el gobierno y nuestro pueblo, y por la paz de las almas de todos los defensores ca\u00eddos de la Patria y los civiles.<\/p>\n<p>Al final del servicio solemne, se realiz\u00f3 una oraci\u00f3n a San Nicol\u00e1s.<\/p>\n\n<div class=\"wp-block-image\">\n<figure class=\"aligncenter size-large\"><img decoding=\"async\" src=\"https:\/\/www.pomisna.info\/wp-content\/uploads\/2022\/12\/1-10.jpg\" alt=\"\"\/><\/figure>\n<\/div>\n\n<div class=\"wp-block-image\">\n<figure class=\"aligncenter size-large\"><img decoding=\"async\" src=\"https:\/\/www.pomisna.info\/wp-content\/uploads\/2022\/12\/dsc_3482.jpg\" alt=\"\"\/><\/figure>\n<\/div>\n\n<div class=\"wp-block-image\">\n<figure class=\"aligncenter size-large\"><img decoding=\"async\" src=\"https:\/\/www.pomisna.info\/wp-content\/uploads\/2022\/12\/dsc_3484.jpg\" alt=\"\"\/><\/figure>\n<\/div>\n\n<div class=\"wp-block-image\">\n<figure class=\"aligncenter size-large\"><img decoding=\"async\" src=\"https:\/\/www.pomisna.info\/wp-content\/uploads\/2022\/12\/dsc_3488.jpg\" alt=\"\"\/><\/figure>\n<\/div>\n\n<div class=\"wp-block-image\">\n<figure class=\"aligncenter size-large\"><img decoding=\"async\" src=\"https:\/\/www.pomisna.info\/wp-content\/uploads\/2022\/12\/dsc_3501.jpg\" alt=\"\"\/><\/figure>\n<\/div>\n\n<div class=\"wp-block-image\">\n<figure class=\"aligncenter size-large\"><img decoding=\"async\" src=\"https:\/\/www.pomisna.info\/wp-content\/uploads\/2022\/12\/dsc_3537.jpg\" alt=\"\"\/><\/figure>\n<\/div>\n\n<div class=\"wp-block-image\">\n<figure class=\"aligncenter size-large\"><img decoding=\"async\" src=\"https:\/\/www.pomisna.info\/wp-content\/uploads\/2022\/12\/dsc_3541.jpg\" alt=\"\"\/><\/figure>\n<\/div>\n\n<div class=\"wp-block-image\">\n<figure class=\"aligncenter size-large\"><img decoding=\"async\" src=\"https:\/\/www.pomisna.info\/wp-content\/uploads\/2022\/12\/dsc_3575.jpg\" alt=\"\"\/><\/figure>\n<\/div>\n\n<div class=\"wp-block-image\">\n<figure class=\"aligncenter size-large\"><img decoding=\"async\" src=\"https:\/\/www.pomisna.info\/wp-content\/uploads\/2022\/12\/dsc_3617.jpg\" alt=\"\"\/><\/figure>\n<\/div>\n\n<div class=\"wp-block-image\">\n<figure class=\"aligncenter size-large\"><img decoding=\"async\" src=\"https:\/\/www.pomisna.info\/wp-content\/uploads\/2022\/12\/dsc_3620.jpg\" alt=\"\"\/><\/figure>\n<\/div>","protected":false},"excerpt":{"rendered":"<p>\u00a0 El 19 de diciembre de 2022, en el d\u00eda de la conmemoraci\u00f3n de San Nicol\u00e1s el Milagroso, el Arzobispo de Myr Lykia, Su Beatitud el Metropolitano Epifanio de Kyiv y Toda Ucrania celebr\u00f3 la Divina Liturgia en la iglesia en honor a San Nicol\u00e1s (Mykola Prytiska), ubicado en el distrito Podilsky de la capital. [&hellip;]<\/p>\n","protected":false},"author":1,"featured_media":228,"comment_status":"closed","ping_status":"closed","sticky":false,"template":"","format":"standard","meta":{"om_disable_all_campaigns":false,"_monsterinsights_skip_tracking":false,"_monsterinsights_sitenote_active":false,"_monsterinsights_sitenote_note":"","_monsterinsights_sitenote_category":0,"_s2mail":"","footnotes":""},"categories":[2],"tags":[],"class_list":["post-1127","post","type-post","status-publish","format-standard","has-post-thumbnail","hentry","category-noticias"],"aioseo_notices":[],"_links":{"self":[{"href":"https:\/\/orthodoxs.org\/index.php?rest_route=\/wp\/v2\/posts\/1127","targetHints":{"allow":["GET"]}}],"collection":[{"href":"https:\/\/orthodoxs.org\/index.php?rest_route=\/wp\/v2\/posts"}],"about":[{"href":"https:\/\/orthodoxs.org\/index.php?rest_route=\/wp\/v2\/types\/post"}],"author":[{"embeddable":true,"href":"https:\/\/orthodoxs.org\/index.php?rest_route=\/wp\/v2\/users\/1"}],"replies":[{"embeddable":true,"href":"https:\/\/orthodoxs.org\/index.php?rest_route=%2Fwp%2Fv2%2Fcomments&post=1127"}],"version-history":[{"count":1,"href":"https:\/\/orthodoxs.org\/index.php?rest_route=\/wp\/v2\/posts\/1127\/revisions"}],"predecessor-version":[{"id":1128,"href":"https:\/\/orthodoxs.org\/index.php?rest_route=\/wp\/v2\/posts\/1127\/revisions\/1128"}],"wp:featuredmedia":[{"embeddable":true,"href":"https:\/\/orthodoxs.org\/index.php?rest_route=\/wp\/v2\/media\/228"}],"wp:attachment":[{"href":"https:\/\/orthodoxs.org\/index.php?rest_route=%2Fwp%2Fv2%2Fmedia&parent=1127"}],"wp:term":[{"taxonomy":"category","embeddable":true,"href":"https:\/\/orthodoxs.org\/index.php?rest_route=%2Fwp%2Fv2%2Fcategories&post=1127"},{"taxonomy":"post_tag","embeddable":true,"href":"https:\/\/orthodoxs.org\/index.php?rest_route=%2Fwp%2Fv2%2Ftags&post=1127"}],"curies":[{"name":"wp","href":"https:\/\/api.w.org\/{rel}","templated":true}]}}