{"id":1123,"date":"2022-12-20T18:26:56","date_gmt":"2022-12-20T18:26:56","guid":{"rendered":"https:\/\/orthodoxs.org\/?p=1123"},"modified":"2022-12-20T18:26:56","modified_gmt":"2022-12-20T18:26:56","slug":"divina-liturgia-del-vigesimo-septimo-domingo-despues-de-pentecostes-2","status":"publish","type":"post","link":"https:\/\/orthodoxs.org\/?p=1123","title":{"rendered":"Divina Liturgia del vig\u00e9simo s\u00e9ptimo domingo despu\u00e9s de Pentecost\u00e9s"},"content":{"rendered":"<p>El vig\u00e9simo s\u00e9ptimo domingo despu\u00e9s de Pentecost\u00e9s, 18 de diciembre de 2022, Su Beatitud Epifan\u00edo Metropolitano de Kyiv y Toda Ucrania presidi\u00f3 la Divina Liturgia en la Catedral de San Miguel la C\u00fapula Dorada de la capital.<\/p>\n<p>El jefe de la Iglesia ortodoxa ucraniana autoc\u00e9fala fue codirigido por el vicario del monasterio de Zolotovercha, el arzobispo Agapit de Vyshgorod, el obispo Lavrentiy de Luhansk y Starobil, el obispo Antony de Boryspil, los venerables hermanos del monasterio y el clero invitado.<\/p>\n<p>Despu\u00e9s de la lectura del Evangelio, Su Beatitud el Obispo pronunci\u00f3 la consagraci\u00f3n del serm\u00f3n y ofreci\u00f3 una\u00a0\u00a0oraci\u00f3n\u00a0especial \u00a0al Se\u00f1or en un momento en que la Patria est\u00e1 en peligro.<\/p>\n<p>Adem\u00e1s, durante el servicio, se escucharon oraciones por los soldados que defienden Ucrania, por el gobierno y nuestro pueblo, y por la paz de las almas de todos los defensores ca\u00eddos de la Patria y los civiles.<\/p>\n<p>Al final del servicio, se realiz\u00f3 una oraci\u00f3n de acci\u00f3n de gracias con motivo del cuarto aniversario de la Catedral de la Unificaci\u00f3n. El Metropolitano Epifan\u00edo tambi\u00e9n habl\u00f3 en esta ocasi\u00f3n.<\/p>\n\n<div class=\"wp-block-image\">\n<figure class=\"aligncenter size-large\"><img decoding=\"async\" src=\"https:\/\/www.pomisna.info\/wp-content\/uploads\/2022\/12\/1-7.jpg\" alt=\"\"\/><\/figure>\n<\/div>\n\n<div class=\"wp-block-image\">\n<figure class=\"aligncenter size-large\"><img decoding=\"async\" src=\"https:\/\/www.pomisna.info\/wp-content\/uploads\/2022\/12\/dsc_3153.jpg\" alt=\"\"\/><\/figure>\n<\/div>\n\n<div class=\"wp-block-image\">\n<figure class=\"aligncenter size-large\"><img decoding=\"async\" src=\"https:\/\/www.pomisna.info\/wp-content\/uploads\/2022\/12\/dsc_3210-1.jpg\" alt=\"\"\/><\/figure>\n<\/div>\n\n<div class=\"wp-block-image\">\n<figure class=\"aligncenter size-large\"><img decoding=\"async\" src=\"https:\/\/www.pomisna.info\/wp-content\/uploads\/2022\/12\/dsc_3232.jpg\" alt=\"\"\/><\/figure>\n<\/div>\n\n<div class=\"wp-block-image\">\n<figure class=\"aligncenter size-large\"><img decoding=\"async\" src=\"https:\/\/www.pomisna.info\/wp-content\/uploads\/2022\/12\/dsc_3242.jpg\" alt=\"\"\/><\/figure>\n<\/div>\n\n<div class=\"wp-block-image\">\n<figure class=\"aligncenter size-large\"><img decoding=\"async\" src=\"https:\/\/www.pomisna.info\/wp-content\/uploads\/2022\/12\/dsc_3244.jpg\" alt=\"\"\/><\/figure>\n<\/div>\n\n<div class=\"wp-block-image\">\n<figure class=\"aligncenter size-large\"><img decoding=\"async\" src=\"https:\/\/www.pomisna.info\/wp-content\/uploads\/2022\/12\/dsc_3260.jpg\" alt=\"\"\/><\/figure>\n<\/div>\n\n<div class=\"wp-block-image\">\n<figure class=\"aligncenter size-large\"><img decoding=\"async\" src=\"https:\/\/www.pomisna.info\/wp-content\/uploads\/2022\/12\/dsc_3288.jpg\" alt=\"\"\/><\/figure>\n<\/div>","protected":false},"excerpt":{"rendered":"<p>El vig\u00e9simo s\u00e9ptimo domingo despu\u00e9s de Pentecost\u00e9s, 18 de diciembre de 2022, Su Beatitud Epifan\u00edo Metropolitano de Kyiv y Toda Ucrania presidi\u00f3 la Divina Liturgia en la Catedral de San Miguel la C\u00fapula Dorada de la capital. El jefe de la Iglesia ortodoxa ucraniana autoc\u00e9fala fue codirigido por el vicario del monasterio de Zolotovercha, el [&hellip;]<\/p>\n","protected":false},"author":1,"featured_media":454,"comment_status":"closed","ping_status":"closed","sticky":false,"template":"","format":"standard","meta":{"om_disable_all_campaigns":false,"_monsterinsights_skip_tracking":false,"_monsterinsights_sitenote_active":false,"_monsterinsights_sitenote_note":"","_monsterinsights_sitenote_category":0,"_s2mail":"yes","footnotes":""},"categories":[2],"tags":[],"class_list":["post-1123","post","type-post","status-publish","format-standard","has-post-thumbnail","hentry","category-noticias"],"aioseo_notices":[],"_links":{"self":[{"href":"https:\/\/orthodoxs.org\/index.php?rest_route=\/wp\/v2\/posts\/1123","targetHints":{"allow":["GET"]}}],"collection":[{"href":"https:\/\/orthodoxs.org\/index.php?rest_route=\/wp\/v2\/posts"}],"about":[{"href":"https:\/\/orthodoxs.org\/index.php?rest_route=\/wp\/v2\/types\/post"}],"author":[{"embeddable":true,"href":"https:\/\/orthodoxs.org\/index.php?rest_route=\/wp\/v2\/users\/1"}],"replies":[{"embeddable":true,"href":"https:\/\/orthodoxs.org\/index.php?rest_route=%2Fwp%2Fv2%2Fcomments&post=1123"}],"version-history":[{"count":1,"href":"https:\/\/orthodoxs.org\/index.php?rest_route=\/wp\/v2\/posts\/1123\/revisions"}],"predecessor-version":[{"id":1124,"href":"https:\/\/orthodoxs.org\/index.php?rest_route=\/wp\/v2\/posts\/1123\/revisions\/1124"}],"wp:featuredmedia":[{"embeddable":true,"href":"https:\/\/orthodoxs.org\/index.php?rest_route=\/wp\/v2\/media\/454"}],"wp:attachment":[{"href":"https:\/\/orthodoxs.org\/index.php?rest_route=%2Fwp%2Fv2%2Fmedia&parent=1123"}],"wp:term":[{"taxonomy":"category","embeddable":true,"href":"https:\/\/orthodoxs.org\/index.php?rest_route=%2Fwp%2Fv2%2Fcategories&post=1123"},{"taxonomy":"post_tag","embeddable":true,"href":"https:\/\/orthodoxs.org\/index.php?rest_route=%2Fwp%2Fv2%2Ftags&post=1123"}],"curies":[{"name":"wp","href":"https:\/\/api.w.org\/{rel}","templated":true}]}}