{"id":1080,"date":"2022-10-10T04:07:17","date_gmt":"2022-10-10T04:07:17","guid":{"rendered":"https:\/\/orthodoxs.org\/?p=1080"},"modified":"2022-10-10T04:07:19","modified_gmt":"2022-10-10T04:07:19","slug":"el-metropolitano-epifanio-llego-a-odesa-con-su-primera-visita-episcopal","status":"publish","type":"post","link":"https:\/\/orthodoxs.org\/?p=1080","title":{"rendered":"El metropolitano Epifan\u00edo lleg\u00f3 a Odesa con su primera visita episcopal"},"content":{"rendered":"<p><span style=\"color: #000000;\">El 7 de octubre de 2022, el Primado de la Iglesia Ortodoxa de Ucrania, Su Beatitud el Metropolitano Epifan\u00edo, lleg\u00f3 a Odesa en visita pontific\u00eda.<\/span><\/p>\n<p><span style=\"color: #000000;\">Al entrar en Odesa, el primado de la Iglesia ortodoxa ucraniana local fue recibido por el obispo Athanasius de Odesa y el B\u00e1ltico, el metropolitano Simeon de Vinnytsia y Bar, secretario de la di\u00f3cesis de Odesa, el arcipreste Teodor Orobets, di\u00e1cono de la di\u00f3cesis de Odesa, el arcipreste Mykhailo Scherba, miembros de el consejo diocesano, el clero de la di\u00f3cesis, el Jefe de la Administraci\u00f3n Estatal del Distrito de Odesa, regi\u00f3n de Odesa, Yuriy Kruk, el jefe de polic\u00eda de la administraci\u00f3n del distrito n\u00famero 2, el Coronel Oleksandr Dragan, y el empresario Serhiy Dorohovskyi.<\/span><\/p>\n<p><span style=\"color: #000000;\">El obispo Athanasius salud\u00f3 a Su Beatitud el Metropolitano Epifan\u00edo en Odesa, ofreci\u00e9ndole una hogaza de pan y flores.<\/span><\/p>\n\n<div class=\"wp-block-image\">\n<figure class=\"aligncenter size-large\"><img decoding=\"async\" src=\"https:\/\/www.pomisna.info\/wp-content\/uploads\/2022\/10\/b66e0a17-d978-4b5c-a795-fd423c4cbdda-1536x1152.jpeg\" alt=\"\"\/><\/figure>\n<\/div>\n\n<div class=\"wp-block-image\">\n<figure class=\"aligncenter size-large\"><img decoding=\"async\" src=\"https:\/\/www.pomisna.info\/wp-content\/uploads\/2022\/10\/1-1536x1152.jpeg\" alt=\"\"\/><\/figure>\n<\/div>\n\n<div class=\"wp-block-image\">\n<figure class=\"aligncenter size-large\"><img decoding=\"async\" src=\"https:\/\/www.pomisna.info\/wp-content\/uploads\/2022\/10\/2-1536x1152.jpeg\" alt=\"\"\/><\/figure>\n<\/div>\n\n<div class=\"wp-block-image\">\n<figure class=\"aligncenter size-large\"><img decoding=\"async\" src=\"https:\/\/www.pomisna.info\/wp-content\/uploads\/2022\/10\/3-1536x1152.jpeg\" alt=\"\"\/><\/figure>\n<\/div>\n\n<div class=\"wp-block-image\">\n<figure class=\"aligncenter size-large\"><img decoding=\"async\" src=\"https:\/\/www.pomisna.info\/wp-content\/uploads\/2022\/10\/8a214ddb-848a-4f06-b04a-ec6a2bc2fe22-1536x1152.jpeg\" alt=\"\"\/><\/figure>\n<\/div>\n\n<div class=\"wp-block-image\">\n<figure class=\"aligncenter size-large\"><img decoding=\"async\" src=\"https:\/\/www.pomisna.info\/wp-content\/uploads\/2022\/10\/901a22f3-c963-43c4-b314-8b0a4e265f85-1536x1152.jpeg\" alt=\"\"\/><\/figure>\n<\/div>\n\n<div class=\"wp-block-image\">\n<figure class=\"aligncenter size-large\"><img decoding=\"async\" src=\"https:\/\/www.pomisna.info\/wp-content\/uploads\/2022\/10\/b66e0a17-d978-4b5c-a795-fd423c4cbdda-1536x1152.jpeg\" alt=\"\"\/><\/figure>\n<\/div>\n\n<div class=\"wp-block-image\">\n<figure class=\"aligncenter size-large\"><img decoding=\"async\" src=\"https:\/\/www.pomisna.info\/wp-content\/uploads\/2022\/10\/bbfdfe2d-9217-43a9-a714-7e9be0060cc1-1536x1152.jpeg\" alt=\"\"\/><\/figure>\n<\/div>\n\n<div class=\"wp-block-image\">\n<figure class=\"aligncenter size-large\"><img decoding=\"async\" src=\"https:\/\/www.pomisna.info\/wp-content\/uploads\/2022\/10\/ccf5e2f2-8b7b-4eb5-bb3e-238574cfae0c-1536x1152.jpeg\" alt=\"\"\/><\/figure>\n<\/div>\n\n<div class=\"wp-block-image\">\n<figure class=\"aligncenter size-large\"><img decoding=\"async\" src=\"https:\/\/www.pomisna.info\/wp-content\/uploads\/2022\/10\/db03cdeb-56f8-4ec3-bc9c-d4f77223f51b-1536x1152.jpeg\" alt=\"\"\/><\/figure>\n<\/div>","protected":false},"excerpt":{"rendered":"<p>El 7 de octubre de 2022, el Primado de la Iglesia Ortodoxa de Ucrania, Su Beatitud el Metropolitano Epifan\u00edo, lleg\u00f3 a Odesa en visita pontific\u00eda. Al entrar en Odesa, el primado de la Iglesia ortodoxa ucraniana local fue recibido por el obispo Athanasius de Odesa y el B\u00e1ltico, el metropolitano Simeon de Vinnytsia y Bar, [&hellip;]<\/p>\n","protected":false},"author":1,"featured_media":143,"comment_status":"closed","ping_status":"closed","sticky":false,"template":"","format":"standard","meta":{"om_disable_all_campaigns":false,"_monsterinsights_skip_tracking":false,"_monsterinsights_sitenote_active":false,"_monsterinsights_sitenote_note":"","_monsterinsights_sitenote_category":0,"_s2mail":"","footnotes":""},"categories":[2],"tags":[],"class_list":["post-1080","post","type-post","status-publish","format-standard","has-post-thumbnail","hentry","category-noticias"],"aioseo_notices":[],"_links":{"self":[{"href":"https:\/\/orthodoxs.org\/index.php?rest_route=\/wp\/v2\/posts\/1080","targetHints":{"allow":["GET"]}}],"collection":[{"href":"https:\/\/orthodoxs.org\/index.php?rest_route=\/wp\/v2\/posts"}],"about":[{"href":"https:\/\/orthodoxs.org\/index.php?rest_route=\/wp\/v2\/types\/post"}],"author":[{"embeddable":true,"href":"https:\/\/orthodoxs.org\/index.php?rest_route=\/wp\/v2\/users\/1"}],"replies":[{"embeddable":true,"href":"https:\/\/orthodoxs.org\/index.php?rest_route=%2Fwp%2Fv2%2Fcomments&post=1080"}],"version-history":[{"count":1,"href":"https:\/\/orthodoxs.org\/index.php?rest_route=\/wp\/v2\/posts\/1080\/revisions"}],"predecessor-version":[{"id":1081,"href":"https:\/\/orthodoxs.org\/index.php?rest_route=\/wp\/v2\/posts\/1080\/revisions\/1081"}],"wp:featuredmedia":[{"embeddable":true,"href":"https:\/\/orthodoxs.org\/index.php?rest_route=\/wp\/v2\/media\/143"}],"wp:attachment":[{"href":"https:\/\/orthodoxs.org\/index.php?rest_route=%2Fwp%2Fv2%2Fmedia&parent=1080"}],"wp:term":[{"taxonomy":"category","embeddable":true,"href":"https:\/\/orthodoxs.org\/index.php?rest_route=%2Fwp%2Fv2%2Fcategories&post=1080"},{"taxonomy":"post_tag","embeddable":true,"href":"https:\/\/orthodoxs.org\/index.php?rest_route=%2Fwp%2Fv2%2Ftags&post=1080"}],"curies":[{"name":"wp","href":"https:\/\/api.w.org\/{rel}","templated":true}]}}