{"id":1076,"date":"2022-10-10T03:25:31","date_gmt":"2022-10-10T03:25:31","guid":{"rendered":"https:\/\/orthodoxs.org\/?p=1076"},"modified":"2022-10-10T03:25:32","modified_gmt":"2022-10-10T03:25:32","slug":"el-primado-se-reunio-con-el-embajador-de-alemania-en-ucrania-2","status":"publish","type":"post","link":"https:\/\/orthodoxs.org\/?p=1076","title":{"rendered":"El Primado se reuni\u00f3 con el Embajador de Alemania en Ucrania"},"content":{"rendered":"<p><span style=\"color: #000000;\">El 4 de octubre de 2022, Su Beatitud el Metropolitano Epifan\u00edo de Kyiv y Toda Ucrania se reuni\u00f3 con la Embajadora Extraordinaria y Plenipotenciaria de la Rep\u00fablica Federal de Alemania en Ucrania, Sra. Anka Feldhusen. La reuni\u00f3n tuvo lugar en la Embajada de Alemania en Ucrania.<\/span><\/p>\n<p><span style=\"color: #000000;\">El Primado de la Iglesia Ortodoxa Ucraniana local expres\u00f3 su agradecimiento a Anca Feldguzen por los proyectos sociales conjuntos implementados por la embajada junto con la Iglesia Ortodoxa de Ucrania y comparti\u00f3 sus impresiones de sus recientes visitas a la ciudad de Kharkiv.<\/span><\/p>\n<p><span style=\"color: #000000;\">Su Beatitud el Metropolitano Epifan\u00edo enfatiz\u00f3 una vez m\u00e1s la importancia del apoyo de Ucrania de los socios internacionales en la lucha contra la agresi\u00f3n rusa a gran escala. El Primado expres\u00f3 su convicci\u00f3n de que nuestro pueblo ucraniano derrotar\u00e1 al agresor ruso y vencer\u00e1 al mal que ha llegado a Ucrania.<\/span><\/p>\n<p><span style=\"color: #000000;\">\u201cMoralmente, ya vencimos, porque todo el mundo crey\u00f3 en nuestra victoria. Y creemos que Dios pondr\u00e1 fin al sufrimiento del pueblo ucraniano con una paz justa\u201d, dijo el Metropolitano Epifan\u00edo en particular.<\/span><\/p>\n<p><span style=\"color: #000000;\">Tambi\u00e9n durante el encuentro se abord\u00f3 el tema de la situaci\u00f3n interconfesional y religiosa en nuestro pa\u00eds.<\/span><\/p>\n\n<div class=\"wp-block-image\">\n<figure class=\"aligncenter size-large\"><img decoding=\"async\" src=\"https:\/\/www.pomisna.info\/wp-content\/uploads\/2022\/10\/07-1536x1152.jpg\" alt=\"\"\/><\/figure>\n<\/div>\n\n<div class=\"wp-block-image\">\n<figure class=\"aligncenter size-large\"><img decoding=\"async\" src=\"https:\/\/www.pomisna.info\/wp-content\/uploads\/2022\/10\/01-1536x1152.jpg\" alt=\"\"\/><\/figure>\n<\/div>\n\n<div class=\"wp-block-image\">\n<figure class=\"aligncenter size-large\"><img decoding=\"async\" src=\"https:\/\/www.pomisna.info\/wp-content\/uploads\/2022\/10\/02-1536x1152.jpg\" alt=\"\"\/><\/figure>\n<\/div>\n\n<div class=\"wp-block-image\">\n<figure class=\"aligncenter size-large\"><img decoding=\"async\" src=\"https:\/\/www.pomisna.info\/wp-content\/uploads\/2022\/10\/03-1536x1152.jpg\" alt=\"\"\/><\/figure>\n<\/div>\n\n<div class=\"wp-block-image\">\n<figure class=\"aligncenter size-large\"><img decoding=\"async\" src=\"https:\/\/www.pomisna.info\/wp-content\/uploads\/2022\/10\/04-1536x1152.jpg\" alt=\"\"\/><\/figure>\n<\/div>\n\n<div class=\"wp-block-image\">\n<figure class=\"aligncenter size-large\"><img decoding=\"async\" src=\"https:\/\/www.pomisna.info\/wp-content\/uploads\/2022\/10\/05-1536x1152.jpg\" alt=\"\"\/><\/figure>\n<\/div>\n\n<div class=\"wp-block-image\">\n<figure class=\"aligncenter size-large\"><img decoding=\"async\" src=\"https:\/\/www.pomisna.info\/wp-content\/uploads\/2022\/10\/07-1536x1152.jpg\" alt=\"\"\/><\/figure>\n<\/div>\n\n<div class=\"wp-block-image\">\n<figure class=\"aligncenter size-large\"><img decoding=\"async\" src=\"https:\/\/www.pomisna.info\/wp-content\/uploads\/2022\/10\/08-1536x1152.jpg\" alt=\"\"\/><\/figure>\n<\/div>","protected":false},"excerpt":{"rendered":"<p>El 4 de octubre de 2022, Su Beatitud el Metropolitano Epifan\u00edo de Kyiv y Toda Ucrania se reuni\u00f3 con la Embajadora Extraordinaria y Plenipotenciaria de la Rep\u00fablica Federal de Alemania en Ucrania, Sra. Anka Feldhusen. La reuni\u00f3n tuvo lugar en la Embajada de Alemania en Ucrania. El Primado de la Iglesia Ortodoxa Ucraniana local expres\u00f3 [&hellip;]<\/p>\n","protected":false},"author":1,"featured_media":144,"comment_status":"closed","ping_status":"closed","sticky":false,"template":"","format":"standard","meta":{"om_disable_all_campaigns":false,"_monsterinsights_skip_tracking":false,"_monsterinsights_sitenote_active":false,"_monsterinsights_sitenote_note":"","_monsterinsights_sitenote_category":0,"_s2mail":"","footnotes":""},"categories":[2],"tags":[],"class_list":["post-1076","post","type-post","status-publish","format-standard","has-post-thumbnail","hentry","category-noticias"],"aioseo_notices":[],"_links":{"self":[{"href":"https:\/\/orthodoxs.org\/index.php?rest_route=\/wp\/v2\/posts\/1076","targetHints":{"allow":["GET"]}}],"collection":[{"href":"https:\/\/orthodoxs.org\/index.php?rest_route=\/wp\/v2\/posts"}],"about":[{"href":"https:\/\/orthodoxs.org\/index.php?rest_route=\/wp\/v2\/types\/post"}],"author":[{"embeddable":true,"href":"https:\/\/orthodoxs.org\/index.php?rest_route=\/wp\/v2\/users\/1"}],"replies":[{"embeddable":true,"href":"https:\/\/orthodoxs.org\/index.php?rest_route=%2Fwp%2Fv2%2Fcomments&post=1076"}],"version-history":[{"count":1,"href":"https:\/\/orthodoxs.org\/index.php?rest_route=\/wp\/v2\/posts\/1076\/revisions"}],"predecessor-version":[{"id":1077,"href":"https:\/\/orthodoxs.org\/index.php?rest_route=\/wp\/v2\/posts\/1076\/revisions\/1077"}],"wp:featuredmedia":[{"embeddable":true,"href":"https:\/\/orthodoxs.org\/index.php?rest_route=\/wp\/v2\/media\/144"}],"wp:attachment":[{"href":"https:\/\/orthodoxs.org\/index.php?rest_route=%2Fwp%2Fv2%2Fmedia&parent=1076"}],"wp:term":[{"taxonomy":"category","embeddable":true,"href":"https:\/\/orthodoxs.org\/index.php?rest_route=%2Fwp%2Fv2%2Fcategories&post=1076"},{"taxonomy":"post_tag","embeddable":true,"href":"https:\/\/orthodoxs.org\/index.php?rest_route=%2Fwp%2Fv2%2Ftags&post=1076"}],"curies":[{"name":"wp","href":"https:\/\/api.w.org\/{rel}","templated":true}]}}