{"id":1072,"date":"2022-10-10T00:21:24","date_gmt":"2022-10-10T00:21:24","guid":{"rendered":"https:\/\/orthodoxs.org\/?p=1072"},"modified":"2022-10-10T00:21:26","modified_gmt":"2022-10-10T00:21:26","slug":"el-primado-se-reunio-con-representantes-de-las-comunidades-de-la-region-de-kyiv-que-se-incorporaron-a-la-ocu-en-septiembre","status":"publish","type":"post","link":"https:\/\/orthodoxs.org\/?p=1072","title":{"rendered":"El Primado se reuni\u00f3 con representantes de las comunidades de la Regi\u00f3n de Kyiv, que se incorporaron a la OCU en septiembre"},"content":{"rendered":"<p><span style=\"color: #000000;\">El 4 de octubre de 2022, Su Beatitud el\u00a0 Metropolitano Epifan\u00edo de Kyiv y Toda Ucrania recibi\u00f3 en su residencia, la Casa Metropolitana, a representantes de las comunidades de la regi\u00f3n de Kyiv, que recientemente se unieron a la Iglesia ortodoxa ucraniana autoc\u00e9fala.<\/span><\/p>\n<p><span style=\"color: #000000;\">El arcipreste Mykhail Lesyuk, secretario de la di\u00f3cesis de Kyiv, tambi\u00e9n particip\u00f3 en la reuni\u00f3n.<\/span><\/p>\n<p><span style=\"color: #000000;\">El Primado habl\u00f3 con los invitados y entreg\u00f3 los decretos pertinentes a los representantes de las comunidades de los pueblos de Rozhna y Pukhivka de la regi\u00f3n de Kyiv, que en septiembre de este a\u00f1o en la asamblea general decidieron seguir a los Tomos en autocefalia y unirse a los ortodoxos. Iglesia de Ucrania.<\/span><\/p>\n<p><span style=\"color: #000000;\">Adem\u00e1s, Su Beatitud honr\u00f3 a los representantes de la comunidad de la aldea de Zazimya con premios eclesi\u00e1sticos.<\/span><\/p>\n<p><span style=\"color: #000000;\">&#8220;Cada comunidad es parte de nuestro hogar com\u00fan de Ucrania. As\u00ed que juntos, en el seno de la \u00fanica Iglesia, debemos alabar a Dios y orar por la victoria sobre los invasores rusos, que invaden no solo nuestra tierra, sino tambi\u00e9n nuestra historia y componente espiritual. En unidad, sin duda ahuyentaremos a los oponentes y protegeremos el futuro de las pr\u00f3ximas generaciones de ucranianos\u201d, dijo el Metropolitano Epifan\u00edo en particular.<\/span><\/p>\n\n<div class=\"wp-block-image\">\n<figure class=\"aligncenter size-large\"><img decoding=\"async\" src=\"https:\/\/www.pomisna.info\/wp-content\/uploads\/2022\/10\/dsc_7533-1536x1025.jpg\" alt=\"\"\/><\/figure>\n<\/div>\n\n<div class=\"wp-block-image\">\n<figure class=\"aligncenter size-large\"><img decoding=\"async\" src=\"https:\/\/www.pomisna.info\/wp-content\/uploads\/2022\/10\/dsc_7500-1536x1025.jpg\" alt=\"\"\/><\/figure>\n<\/div>\n\n<div class=\"wp-block-image\">\n<figure class=\"aligncenter size-large\"><img decoding=\"async\" src=\"https:\/\/www.pomisna.info\/wp-content\/uploads\/2022\/10\/dsc_7503-1536x1025.jpg\" alt=\"\"\/><\/figure>\n<\/div>\n\n<div class=\"wp-block-image\">\n<figure class=\"aligncenter size-large\"><img decoding=\"async\" src=\"https:\/\/www.pomisna.info\/wp-content\/uploads\/2022\/10\/dsc_7504-1536x1025.jpg\" alt=\"\"\/><\/figure>\n<\/div>\n\n<div class=\"wp-block-image\">\n<figure class=\"aligncenter size-large\"><img decoding=\"async\" src=\"https:\/\/www.pomisna.info\/wp-content\/uploads\/2022\/10\/dsc_7506-1536x1025.jpg\" alt=\"\"\/><\/figure>\n<\/div>\n\n<div class=\"wp-block-image\">\n<figure class=\"aligncenter size-large\"><img decoding=\"async\" src=\"https:\/\/www.pomisna.info\/wp-content\/uploads\/2022\/10\/dsc_7507-1536x1025.jpg\" alt=\"\"\/><\/figure>\n<\/div>\n\n<div class=\"wp-block-image\">\n<figure class=\"aligncenter size-large\"><img decoding=\"async\" src=\"https:\/\/www.pomisna.info\/wp-content\/uploads\/2022\/10\/dsc_7510-1536x1025.jpg\" alt=\"\"\/><\/figure>\n<\/div>\n\n<div class=\"wp-block-image\">\n<figure class=\"aligncenter size-large\"><img decoding=\"async\" src=\"https:\/\/www.pomisna.info\/wp-content\/uploads\/2022\/10\/dsc_7511-1536x1025.jpg\" alt=\"\"\/><\/figure>\n<\/div>\n\n<div class=\"wp-block-image\">\n<figure class=\"aligncenter size-large\"><img decoding=\"async\" src=\"https:\/\/www.pomisna.info\/wp-content\/uploads\/2022\/10\/dsc_7513-1536x1025.jpg\" alt=\"\"\/><\/figure>\n<\/div>\n\n<div class=\"wp-block-image\">\n<figure class=\"aligncenter size-large\"><img decoding=\"async\" src=\"https:\/\/www.pomisna.info\/wp-content\/uploads\/2022\/10\/dsc_7517-1536x1025.jpg\" alt=\"\"\/><\/figure>\n<\/div>\n\n<div class=\"wp-block-image\">\n<figure class=\"aligncenter size-large\"><img decoding=\"async\" src=\"https:\/\/www.pomisna.info\/wp-content\/uploads\/2022\/10\/dsc_7520-1536x1025.jpg\" alt=\"\"\/><\/figure>\n<\/div>\n\n<div class=\"wp-block-image\">\n<figure class=\"aligncenter size-large\"><img decoding=\"async\" src=\"https:\/\/www.pomisna.info\/wp-content\/uploads\/2022\/10\/dsc_7522-1536x1025.jpg\" alt=\"\"\/><\/figure>\n<\/div>\n\n<div class=\"wp-block-image\">\n<figure class=\"aligncenter size-large\"><img decoding=\"async\" src=\"https:\/\/www.pomisna.info\/wp-content\/uploads\/2022\/10\/dsc_7525-1536x1025.jpg\" alt=\"\"\/><\/figure>\n<\/div>\n\n<div class=\"wp-block-image\">\n<figure class=\"aligncenter size-large\"><img decoding=\"async\" src=\"https:\/\/www.pomisna.info\/wp-content\/uploads\/2022\/10\/dsc_7529-1536x1025.jpg\" alt=\"\"\/><\/figure>\n<\/div>\n\n<div class=\"wp-block-image\">\n<figure class=\"aligncenter size-large\"><img decoding=\"async\" src=\"https:\/\/www.pomisna.info\/wp-content\/uploads\/2022\/10\/dsc_7533-1536x1025.jpg\" alt=\"\"\/><\/figure>\n<\/div>","protected":false},"excerpt":{"rendered":"<p>El 4 de octubre de 2022, Su Beatitud el\u00a0 Metropolitano Epifan\u00edo de Kyiv y Toda Ucrania recibi\u00f3 en su residencia, la Casa Metropolitana, a representantes de las comunidades de la regi\u00f3n de Kyiv, que recientemente se unieron a la Iglesia ortodoxa ucraniana autoc\u00e9fala. El arcipreste Mykhail Lesyuk, secretario de la di\u00f3cesis de Kyiv, tambi\u00e9n particip\u00f3 [&hellip;]<\/p>\n","protected":false},"author":1,"featured_media":432,"comment_status":"closed","ping_status":"closed","sticky":false,"template":"","format":"standard","meta":{"om_disable_all_campaigns":false,"_monsterinsights_skip_tracking":false,"_monsterinsights_sitenote_active":false,"_monsterinsights_sitenote_note":"","_monsterinsights_sitenote_category":0,"_s2mail":"","footnotes":""},"categories":[2],"tags":[],"class_list":["post-1072","post","type-post","status-publish","format-standard","has-post-thumbnail","hentry","category-noticias"],"aioseo_notices":[],"_links":{"self":[{"href":"https:\/\/orthodoxs.org\/index.php?rest_route=\/wp\/v2\/posts\/1072","targetHints":{"allow":["GET"]}}],"collection":[{"href":"https:\/\/orthodoxs.org\/index.php?rest_route=\/wp\/v2\/posts"}],"about":[{"href":"https:\/\/orthodoxs.org\/index.php?rest_route=\/wp\/v2\/types\/post"}],"author":[{"embeddable":true,"href":"https:\/\/orthodoxs.org\/index.php?rest_route=\/wp\/v2\/users\/1"}],"replies":[{"embeddable":true,"href":"https:\/\/orthodoxs.org\/index.php?rest_route=%2Fwp%2Fv2%2Fcomments&post=1072"}],"version-history":[{"count":1,"href":"https:\/\/orthodoxs.org\/index.php?rest_route=\/wp\/v2\/posts\/1072\/revisions"}],"predecessor-version":[{"id":1073,"href":"https:\/\/orthodoxs.org\/index.php?rest_route=\/wp\/v2\/posts\/1072\/revisions\/1073"}],"wp:featuredmedia":[{"embeddable":true,"href":"https:\/\/orthodoxs.org\/index.php?rest_route=\/wp\/v2\/media\/432"}],"wp:attachment":[{"href":"https:\/\/orthodoxs.org\/index.php?rest_route=%2Fwp%2Fv2%2Fmedia&parent=1072"}],"wp:term":[{"taxonomy":"category","embeddable":true,"href":"https:\/\/orthodoxs.org\/index.php?rest_route=%2Fwp%2Fv2%2Fcategories&post=1072"},{"taxonomy":"post_tag","embeddable":true,"href":"https:\/\/orthodoxs.org\/index.php?rest_route=%2Fwp%2Fv2%2Ftags&post=1072"}],"curies":[{"name":"wp","href":"https:\/\/api.w.org\/{rel}","templated":true}]}}