{"id":1056,"date":"2022-09-19T01:12:42","date_gmt":"2022-09-19T01:12:42","guid":{"rendered":"https:\/\/orthodoxs.org\/?p=1056"},"modified":"2022-09-19T01:12:43","modified_gmt":"2022-09-19T01:12:43","slug":"el-metropolitano-epifanio-visito-a-los-ucranianos-heridos-en-el-hospital-de-san-pantaleimon-en-lviv","status":"publish","type":"post","link":"https:\/\/orthodoxs.org\/?p=1056","title":{"rendered":"El Metropolitano Epifanio visit\u00f3 a los Ucranianos heridos en el hospital de San Pantaleimon en Lviv"},"content":{"rendered":"<p>El 13 de septiembre de 2022, Su Beatitud Epifan\u00edo Metropolitano de Kyiv y Toda Ucrania, acompa\u00f1ado por el Metropolitano de Lviv y Sokal Dimitriy (Rudyuk), director del Hospital St. Panteleimon Julian Golyk, y el alcalde de Lviv, Andriy Sadovoy, visitaron el hospital de la ciudad de St. Panteleimon de la Primera Asociaci\u00f3n M\u00e9dica.<\/p>\n<p>Visitando a los heridos de guerra, nuestros defensores, en el hospital, comunic\u00e1ndose con ellos y con los trabajadores m\u00e9dicos, la Epifan\u00eda Metropolitana les agradeci\u00f3 a todos su amor y sacrificio: los soldados los demostraron, arriesgando lo m\u00e1s preciado, sus vidas, por la por el bien de los dem\u00e1s, y ahora los m\u00e9dicos muestran estas virtudes en relaci\u00f3n con los propios defensores, salv\u00e1ndoles la vida y la salud.<\/p>\n<p>&#8220;El amor cura y cura.\u00a0Es el amor y cuidado de los familiares, la ayuda de amigos y voluntarios, el apoyo espiritual y la oraci\u00f3n de la Iglesia, todas estas son manifestaciones de la mayor virtud cristiana, el amor.\u00a0Todos estamos llamados a manifestarlo, porque el amor tiene la capacidad de unir.\u00a0Y sabemos que la unidad es nuestra fuerza, \u00e9xito y victoria\u201d, se\u00f1al\u00f3 el Primado.<\/p>\n<p>Epifan\u00eda Metropolitana dese\u00f3 a todos los que se encuentran en tratamiento y rehabilitaci\u00f3n una pronta recuperaci\u00f3n y fortalecimiento de la salud f\u00edsica y mental, y a los m\u00e9dicos &#8211; fuerza y \u200b\u200bbendici\u00f3n de Dios, para que el Se\u00f1or los inspire a ayudar a quien lo necesite.<\/p>\n\n<div class=\"wp-block-image\">\n<figure class=\"aligncenter size-large\"><img decoding=\"async\" src=\"https:\/\/www.pomisna.info\/wp-content\/uploads\/2022\/09\/dsc_7742-1024x684.jpg\" alt=\"\"\/><\/figure>\n<\/div>\n\n<div class=\"wp-block-image\">\n<figure class=\"aligncenter size-large\"><img decoding=\"async\" src=\"https:\/\/www.pomisna.info\/wp-content\/uploads\/2022\/09\/dsc_7636-1024x684.jpg\" alt=\"\"\/><\/figure>\n<\/div>\n\n<div class=\"wp-block-image\">\n<figure class=\"aligncenter size-large\"><img decoding=\"async\" src=\"https:\/\/www.pomisna.info\/wp-content\/uploads\/2022\/09\/dsc_7648-1024x684.jpg\" alt=\"\"\/><\/figure>\n<\/div>\n\n<div class=\"wp-block-image\">\n<figure class=\"aligncenter size-large\"><img decoding=\"async\" src=\"https:\/\/www.pomisna.info\/wp-content\/uploads\/2022\/09\/dsc_7677-1024x684.jpg\" alt=\"\"\/><\/figure>\n<\/div>\n\n<div class=\"wp-block-image\">\n<figure class=\"aligncenter size-large\"><img decoding=\"async\" src=\"https:\/\/www.pomisna.info\/wp-content\/uploads\/2022\/09\/dsc_7709-1024x684.jpg\" alt=\"\"\/><\/figure>\n<\/div>\n\n<div class=\"wp-block-image\">\n<figure class=\"aligncenter size-large\"><img decoding=\"async\" src=\"https:\/\/www.pomisna.info\/wp-content\/uploads\/2022\/09\/dsc_7761-1024x676.jpg\" alt=\"\"\/><\/figure>\n<\/div>\n\n<div class=\"wp-block-image\">\n<figure class=\"aligncenter size-large\"><img decoding=\"async\" src=\"https:\/\/www.pomisna.info\/wp-content\/uploads\/2022\/09\/dsc_7764-1024x684.jpg\" alt=\"\"\/><\/figure>\n<\/div>\n\n<div class=\"wp-block-image\">\n<figure class=\"aligncenter size-large\"><img decoding=\"async\" src=\"https:\/\/www.pomisna.info\/wp-content\/uploads\/2022\/09\/dsc_7808-1024x684.jpg\" alt=\"\"\/><\/figure>\n<\/div>","protected":false},"excerpt":{"rendered":"<p>El 13 de septiembre de 2022, Su Beatitud Epifan\u00edo Metropolitano de Kyiv y Toda Ucrania, acompa\u00f1ado por el Metropolitano de Lviv y Sokal Dimitriy (Rudyuk), director del Hospital St. Panteleimon Julian Golyk, y el alcalde de Lviv, Andriy Sadovoy, visitaron el hospital de la ciudad de St. Panteleimon de la Primera Asociaci\u00f3n M\u00e9dica. Visitando a [&hellip;]<\/p>\n","protected":false},"author":1,"featured_media":639,"comment_status":"closed","ping_status":"closed","sticky":false,"template":"","format":"standard","meta":{"om_disable_all_campaigns":false,"_monsterinsights_skip_tracking":false,"_monsterinsights_sitenote_active":false,"_monsterinsights_sitenote_note":"","_monsterinsights_sitenote_category":0,"_s2mail":"","footnotes":""},"categories":[2],"tags":[],"class_list":["post-1056","post","type-post","status-publish","format-standard","has-post-thumbnail","hentry","category-noticias"],"aioseo_notices":[],"_links":{"self":[{"href":"https:\/\/orthodoxs.org\/index.php?rest_route=\/wp\/v2\/posts\/1056","targetHints":{"allow":["GET"]}}],"collection":[{"href":"https:\/\/orthodoxs.org\/index.php?rest_route=\/wp\/v2\/posts"}],"about":[{"href":"https:\/\/orthodoxs.org\/index.php?rest_route=\/wp\/v2\/types\/post"}],"author":[{"embeddable":true,"href":"https:\/\/orthodoxs.org\/index.php?rest_route=\/wp\/v2\/users\/1"}],"replies":[{"embeddable":true,"href":"https:\/\/orthodoxs.org\/index.php?rest_route=%2Fwp%2Fv2%2Fcomments&post=1056"}],"version-history":[{"count":1,"href":"https:\/\/orthodoxs.org\/index.php?rest_route=\/wp\/v2\/posts\/1056\/revisions"}],"predecessor-version":[{"id":1057,"href":"https:\/\/orthodoxs.org\/index.php?rest_route=\/wp\/v2\/posts\/1056\/revisions\/1057"}],"wp:featuredmedia":[{"embeddable":true,"href":"https:\/\/orthodoxs.org\/index.php?rest_route=\/wp\/v2\/media\/639"}],"wp:attachment":[{"href":"https:\/\/orthodoxs.org\/index.php?rest_route=%2Fwp%2Fv2%2Fmedia&parent=1056"}],"wp:term":[{"taxonomy":"category","embeddable":true,"href":"https:\/\/orthodoxs.org\/index.php?rest_route=%2Fwp%2Fv2%2Fcategories&post=1056"},{"taxonomy":"post_tag","embeddable":true,"href":"https:\/\/orthodoxs.org\/index.php?rest_route=%2Fwp%2Fv2%2Ftags&post=1056"}],"curies":[{"name":"wp","href":"https:\/\/api.w.org\/{rel}","templated":true}]}}