{"id":1052,"date":"2022-09-19T00:58:18","date_gmt":"2022-09-19T00:58:18","guid":{"rendered":"https:\/\/orthodoxs.org\/?p=1052"},"modified":"2022-09-19T00:58:19","modified_gmt":"2022-09-19T00:58:19","slug":"el-primado-dirigio-la-divina-liturgia-en-el-manantial-curativo-del-pueblo-de-zaglyn","status":"publish","type":"post","link":"https:\/\/orthodoxs.org\/?p=1052","title":{"rendered":"El Primado dirigi\u00f3 la Divina Liturgia en el manantial curativo del pueblo de Zaglyn"},"content":{"rendered":"<p>El 13 de septiembre de 2022, Su Beatitud Epifany Metropolitano de Kyiv y Toda Ucrania dirigi\u00f3 la Divina Liturgia en el manantial de sanaci\u00f3n en el pueblo de Zaglyn (Monastyrok), el lugar de la aparici\u00f3n milagrosa de la Madre de Dios.<\/p>\n<p>Este servicio anual se realiza como parte de la peregrinaci\u00f3n que tradicionalmente se realiza a este lugar santo el d\u00eda de la festividad.<\/p>\n<p>El metropolitano Makariy de Lviv, el metropolitano Dimitriy de Lviv y Sokal, el arzobispo Yakiv de Drohobytsk y Sambir, el arzobispo Hilarion de Rivne y Ostroh, el arzobispo Tikhon de Ternopil y Buchatsky, el arzobispo Agapit de Vyshgorod, el obispo Volodymyr-Volynskyi y Matthew de Turii concelebraron en la Divina Liturgia.<\/p>\n<p>Los sacerdotes de Lviv-Sokal, Lviv y las di\u00f3cesis vecinas que asistieron a la celebraci\u00f3n tambi\u00e9n rezaron por el servicio, cuidando espiritualmente a sus feligreses.<\/p>\n<p>Despu\u00e9s de leer el Evangelio, el Primado de la Iglesia Ortodoxa Ucraniana local pronunci\u00f3 la\u00a0consagraci\u00f3n del serm\u00f3n.<\/p>\n<p>Durante el servicio, se escucharon oraciones por los defensores de Ucrania, por el gobierno y nuestro pueblo, y por la paz de las almas de todos los defensores ca\u00eddos de la Patria y los civiles. Su Beatitud Epifan\u00edo Metropolitano tambi\u00e9n ofreci\u00f3 una oraci\u00f3n especial por la liberaci\u00f3n de Ucrania de la invasi\u00f3n de extranjeros.<\/p>\n<p>Su Eminencia el Metropolitano Dimitrii, jefe de la Di\u00f3cesis de Lviv-Sokal, expres\u00f3 su gratitud a Su Beatitud el Metropolitano Epifanio y le entreg\u00f3 prosfora y flores a Su Beatitud.<\/p>\n<p>Al final, el Metropolitano Epifan\u00edo\u00a0 con los jerarcas y el clero bajaron al manantial de sanaci\u00f3n, cantaron una oraci\u00f3n a la Madre de Dios &#8220;Mi Reina, Misericordiosa&#8230;&#8221; y bebieron agua de manantial.<\/p>\n\n<div class=\"wp-block-image\">\n<figure class=\"aligncenter size-large\"><img decoding=\"async\" src=\"https:\/\/www.pomisna.info\/wp-content\/uploads\/2022\/09\/dji_0457-1024x576.jpg\" alt=\"\"\/><\/figure>\n<\/div>\n\n<div class=\"wp-block-image\">\n<figure class=\"aligncenter size-large\"><img decoding=\"async\" src=\"https:\/\/www.pomisna.info\/wp-content\/uploads\/2022\/09\/dsc_7226-1024x684.jpg\" alt=\"\"\/><\/figure>\n<\/div>\n\n<div class=\"wp-block-image\">\n<figure class=\"aligncenter size-large\"><img decoding=\"async\" src=\"https:\/\/www.pomisna.info\/wp-content\/uploads\/2022\/09\/dsc_7230-1024x684.jpg\" alt=\"\"\/><\/figure>\n<\/div>\n\n<div class=\"wp-block-image\">\n<figure class=\"aligncenter size-large\"><img decoding=\"async\" src=\"https:\/\/www.pomisna.info\/wp-content\/uploads\/2022\/09\/dsc_7232-1024x684.jpg\" alt=\"\"\/><\/figure>\n<\/div>\n\n<div class=\"wp-block-image\">\n<figure class=\"aligncenter size-large\"><img decoding=\"async\" src=\"https:\/\/www.pomisna.info\/wp-content\/uploads\/2022\/09\/dsc_7238-1024x684.jpg\" alt=\"\"\/><\/figure>\n<\/div>\n\n<div class=\"wp-block-image\">\n<figure class=\"aligncenter size-large\"><img decoding=\"async\" src=\"https:\/\/www.pomisna.info\/wp-content\/uploads\/2022\/09\/dsc_7247-1024x684.jpg\" alt=\"\"\/><\/figure>\n<\/div>\n\n<div class=\"wp-block-image\">\n<figure class=\"aligncenter size-large\"><img decoding=\"async\" src=\"https:\/\/www.pomisna.info\/wp-content\/uploads\/2022\/09\/dsc_7254-1024x684.jpg\" alt=\"\"\/><\/figure>\n<\/div>\n\n<div class=\"wp-block-image\">\n<figure class=\"aligncenter size-large\"><img decoding=\"async\" src=\"https:\/\/www.pomisna.info\/wp-content\/uploads\/2022\/09\/dsc_7255-1024x684.jpg\" alt=\"\"\/><\/figure>\n<\/div>\n\n<div class=\"wp-block-image\">\n<figure class=\"aligncenter size-large\"><img decoding=\"async\" src=\"https:\/\/www.pomisna.info\/wp-content\/uploads\/2022\/09\/dsc_7261-1024x684.jpg\" alt=\"\"\/><\/figure>\n<\/div>\n\n<div class=\"wp-block-image\">\n<figure class=\"aligncenter size-large\"><img decoding=\"async\" src=\"https:\/\/www.pomisna.info\/wp-content\/uploads\/2022\/09\/dsc_7280-1024x684.jpg\" alt=\"\"\/><\/figure>\n<\/div>\n\n<div class=\"wp-block-image\">\n<figure class=\"aligncenter size-large\"><img decoding=\"async\" src=\"https:\/\/www.pomisna.info\/wp-content\/uploads\/2022\/09\/dsc_7282-1024x684.jpg\" alt=\"\"\/><\/figure>\n<\/div>\n\n<div class=\"wp-block-image\">\n<figure class=\"aligncenter size-large\"><img decoding=\"async\" src=\"https:\/\/www.pomisna.info\/wp-content\/uploads\/2022\/09\/dsc_7332-1024x576.jpg\" alt=\"\"\/><\/figure>\n<\/div>\n\n<div class=\"wp-block-image\">\n<figure class=\"aligncenter size-large\"><img decoding=\"async\" src=\"https:\/\/www.pomisna.info\/wp-content\/uploads\/2022\/09\/dsc_7336-1024x684.jpg\" alt=\"\"\/><\/figure>\n<\/div>\n\n<div class=\"wp-block-image\">\n<figure class=\"aligncenter size-large\"><img decoding=\"async\" src=\"https:\/\/www.pomisna.info\/wp-content\/uploads\/2022\/09\/dsc_7366-1024x684.jpg\" alt=\"\"\/><\/figure>\n<\/div>\n\n<div class=\"wp-block-image\">\n<figure class=\"aligncenter size-large\"><img decoding=\"async\" src=\"https:\/\/www.pomisna.info\/wp-content\/uploads\/2022\/09\/dsc_7445-1024x676.jpg\" alt=\"\"\/><\/figure>\n<\/div>\n\n<div class=\"wp-block-image\">\n<figure class=\"aligncenter size-large\"><img decoding=\"async\" src=\"https:\/\/www.pomisna.info\/wp-content\/uploads\/2022\/09\/dsc_7460-1024x684.jpg\" alt=\"\"\/><\/figure>\n<\/div>","protected":false},"excerpt":{"rendered":"<p>El 13 de septiembre de 2022, Su Beatitud Epifany Metropolitano de Kyiv y Toda Ucrania dirigi\u00f3 la Divina Liturgia en el manantial de sanaci\u00f3n en el pueblo de Zaglyn (Monastyrok), el lugar de la aparici\u00f3n milagrosa de la Madre de Dios. Este servicio anual se realiza como parte de la peregrinaci\u00f3n que tradicionalmente se realiza [&hellip;]<\/p>\n","protected":false},"author":1,"featured_media":136,"comment_status":"closed","ping_status":"closed","sticky":false,"template":"","format":"standard","meta":{"om_disable_all_campaigns":false,"_monsterinsights_skip_tracking":false,"_monsterinsights_sitenote_active":false,"_monsterinsights_sitenote_note":"","_monsterinsights_sitenote_category":0,"_s2mail":"","footnotes":""},"categories":[2],"tags":[],"class_list":["post-1052","post","type-post","status-publish","format-standard","has-post-thumbnail","hentry","category-noticias"],"aioseo_notices":[],"_links":{"self":[{"href":"https:\/\/orthodoxs.org\/index.php?rest_route=\/wp\/v2\/posts\/1052","targetHints":{"allow":["GET"]}}],"collection":[{"href":"https:\/\/orthodoxs.org\/index.php?rest_route=\/wp\/v2\/posts"}],"about":[{"href":"https:\/\/orthodoxs.org\/index.php?rest_route=\/wp\/v2\/types\/post"}],"author":[{"embeddable":true,"href":"https:\/\/orthodoxs.org\/index.php?rest_route=\/wp\/v2\/users\/1"}],"replies":[{"embeddable":true,"href":"https:\/\/orthodoxs.org\/index.php?rest_route=%2Fwp%2Fv2%2Fcomments&post=1052"}],"version-history":[{"count":1,"href":"https:\/\/orthodoxs.org\/index.php?rest_route=\/wp\/v2\/posts\/1052\/revisions"}],"predecessor-version":[{"id":1053,"href":"https:\/\/orthodoxs.org\/index.php?rest_route=\/wp\/v2\/posts\/1052\/revisions\/1053"}],"wp:featuredmedia":[{"embeddable":true,"href":"https:\/\/orthodoxs.org\/index.php?rest_route=\/wp\/v2\/media\/136"}],"wp:attachment":[{"href":"https:\/\/orthodoxs.org\/index.php?rest_route=%2Fwp%2Fv2%2Fmedia&parent=1052"}],"wp:term":[{"taxonomy":"category","embeddable":true,"href":"https:\/\/orthodoxs.org\/index.php?rest_route=%2Fwp%2Fv2%2Fcategories&post=1052"},{"taxonomy":"post_tag","embeddable":true,"href":"https:\/\/orthodoxs.org\/index.php?rest_route=%2Fwp%2Fv2%2Ftags&post=1052"}],"curies":[{"name":"wp","href":"https:\/\/api.w.org\/{rel}","templated":true}]}}