{"id":1050,"date":"2022-09-19T00:44:44","date_gmt":"2022-09-19T00:44:44","guid":{"rendered":"https:\/\/orthodoxs.org\/?p=1050"},"modified":"2022-09-19T00:44:46","modified_gmt":"2022-09-19T00:44:46","slug":"el-metropolitano-epifanyi-llego-a-la-region-de-lviv-con-la-primera-visita-episcopal","status":"publish","type":"post","link":"https:\/\/orthodoxs.org\/?p=1050","title":{"rendered":"El Metropolitano Epifanyi llego a la regi\u00f3n de Lviv con la primera visita episcopal"},"content":{"rendered":"<p>El 12 de septiembre de 2022, el Primado de la Iglesia Ortodoxa de Ucrania, Su Beatitud Metropolita Epiphany, lleg\u00f3 a Lviv Oblast para su Primera Visita Episcopal.<\/p>\n<p>Al ingresar a Lviv, el Primado de la Iglesia Ortodoxa Ucraniana local fue recibido por el Metropolitano Dimitriy de Lviv y Sokal y el clero de la di\u00f3cesis.<\/p>\n<p>El obispo Dimitriy salud\u00f3 a Su Beatitud el Metropolitano Epifanio en la regi\u00f3n de Lviv y le ofreci\u00f3 a Su Beatitud una hogaza de pan y flores.<\/p>\n<p>Ma\u00f1ana a las 10 de la ma\u00f1ana, el Primado dirigir\u00e1 la Divina Liturgia en el manantial de curaci\u00f3n en el pueblo de Zaglyn (pueblo de Monastyrok), el lugar de la aparici\u00f3n milagrosa de la Madre de Dios.<\/p>\n\n<div class=\"wp-block-image\">\n<figure class=\"aligncenter size-large\"><img decoding=\"async\" src=\"https:\/\/www.pomisna.info\/wp-content\/uploads\/2022\/09\/whatsapp-image-2022-09-12-at-19.23.38-1024x766.jpeg\" alt=\"\"\/><\/figure>\n<\/div>\n\n<div class=\"wp-block-image\">\n<figure class=\"aligncenter size-large\"><img decoding=\"async\" src=\"https:\/\/www.pomisna.info\/wp-content\/uploads\/2022\/09\/whatsapp-image-2022-09-12-at-19.23.39-1-1024x766.jpeg\" alt=\"\"\/><\/figure>\n<\/div>\n\n<div class=\"wp-block-image\">\n<figure class=\"aligncenter size-large\"><img decoding=\"async\" src=\"https:\/\/www.pomisna.info\/wp-content\/uploads\/2022\/09\/whatsapp-image-2022-09-12-at-19.23.40-1-1024x766.jpeg\" alt=\"\"\/><\/figure>\n<\/div>","protected":false},"excerpt":{"rendered":"<p>El 12 de septiembre de 2022, el Primado de la Iglesia Ortodoxa de Ucrania, Su Beatitud Metropolita Epiphany, lleg\u00f3 a Lviv Oblast para su Primera Visita Episcopal. Al ingresar a Lviv, el Primado de la Iglesia Ortodoxa Ucraniana local fue recibido por el Metropolitano Dimitriy de Lviv y Sokal y el clero de la di\u00f3cesis. [&hellip;]<\/p>\n","protected":false},"author":1,"featured_media":135,"comment_status":"closed","ping_status":"closed","sticky":false,"template":"","format":"standard","meta":{"om_disable_all_campaigns":false,"_monsterinsights_skip_tracking":false,"_monsterinsights_sitenote_active":false,"_monsterinsights_sitenote_note":"","_monsterinsights_sitenote_category":0,"_s2mail":"","footnotes":""},"categories":[2],"tags":[],"class_list":["post-1050","post","type-post","status-publish","format-standard","has-post-thumbnail","hentry","category-noticias"],"aioseo_notices":[],"_links":{"self":[{"href":"https:\/\/orthodoxs.org\/index.php?rest_route=\/wp\/v2\/posts\/1050","targetHints":{"allow":["GET"]}}],"collection":[{"href":"https:\/\/orthodoxs.org\/index.php?rest_route=\/wp\/v2\/posts"}],"about":[{"href":"https:\/\/orthodoxs.org\/index.php?rest_route=\/wp\/v2\/types\/post"}],"author":[{"embeddable":true,"href":"https:\/\/orthodoxs.org\/index.php?rest_route=\/wp\/v2\/users\/1"}],"replies":[{"embeddable":true,"href":"https:\/\/orthodoxs.org\/index.php?rest_route=%2Fwp%2Fv2%2Fcomments&post=1050"}],"version-history":[{"count":1,"href":"https:\/\/orthodoxs.org\/index.php?rest_route=\/wp\/v2\/posts\/1050\/revisions"}],"predecessor-version":[{"id":1051,"href":"https:\/\/orthodoxs.org\/index.php?rest_route=\/wp\/v2\/posts\/1050\/revisions\/1051"}],"wp:featuredmedia":[{"embeddable":true,"href":"https:\/\/orthodoxs.org\/index.php?rest_route=\/wp\/v2\/media\/135"}],"wp:attachment":[{"href":"https:\/\/orthodoxs.org\/index.php?rest_route=%2Fwp%2Fv2%2Fmedia&parent=1050"}],"wp:term":[{"taxonomy":"category","embeddable":true,"href":"https:\/\/orthodoxs.org\/index.php?rest_route=%2Fwp%2Fv2%2Fcategories&post=1050"},{"taxonomy":"post_tag","embeddable":true,"href":"https:\/\/orthodoxs.org\/index.php?rest_route=%2Fwp%2Fv2%2Ftags&post=1050"}],"curies":[{"name":"wp","href":"https:\/\/api.w.org\/{rel}","templated":true}]}}