{"id":1046,"date":"2022-09-18T23:10:46","date_gmt":"2022-09-18T23:10:46","guid":{"rendered":"https:\/\/orthodoxs.org\/?p=1046"},"modified":"2022-09-18T23:10:48","modified_gmt":"2022-09-18T23:10:48","slug":"el-primado-consagro-la-imagen-escultorica-de-los-santos-martires-fe-esperanza-amor-y-su-madre-sofia","status":"publish","type":"post","link":"https:\/\/orthodoxs.org\/?p=1046","title":{"rendered":"El Primado consagr\u00f3 la imagen escult\u00f3rica de los santos m\u00e1rtires Fe, Esperanza, Amor y su madre Sof\u00eda"},"content":{"rendered":"<p>\u00a0<\/p>\n<p>El 12 de septiembre de 2022, Su Beatitud Epifan\u00edo Metropolitano visit\u00f3 el pueblo de Rukomysh, regi\u00f3n de Ternopil, donde visit\u00f3 la iglesia en honor de San Onuphrius el Grande y consagr\u00f3 la imagen escult\u00f3rica de los santos m\u00e1rtires Vera, Nadia, Lyubov y su madre Sophia, ubicado en el territorio de la iglesia.<\/p>\n<p>Junto con el primado de la Iglesia ortodoxa ucraniana local, el arzobispo Tikhon, el jefe de la di\u00f3cesis de Ternopil-Buchach, el rector del templo, el arcipreste Mykhail Sukanets, invit\u00f3 a los obispos y al clero, a los patrocinadores y a los residentes del pueblo a rezar.<\/p>\n<p>Dirigi\u00e9ndose a los fieles con el discurso de consagraci\u00f3n, Su Beatitud el Metropolita Epifanio subray\u00f3 la importancia de la firmeza de la fe en este dif\u00edcil momento de prueba b\u00e9lica por parte de Rusia.<\/p>\n<p>\u201cHoy estamos hablando de los santos m\u00e1rtires, lo que significa que pasaron por un camino dif\u00edcil, fueron martirizados, pero no traicionaron a Cristo, no traicionaron la Verdad. Y ahora nosotros tambi\u00e9n estamos siendo probados, pero hemos elegido la verdad y estamos caminando por el camino de la justicia que nos llevar\u00e1 a la victoria completa. Por supuesto, pagamos un alto precio por esta libertad, por el regalo de la independencia\u201d, enfatiz\u00f3 Epifan\u00edo Metropolitano.<\/p>\n<p>El rector expres\u00f3 su agradecimiento al abad, que trabaja arduamente por el desarrollo de la comunidad, y tambi\u00e9n honr\u00f3 al escultor y mecenas con premios eclesi\u00e1sticos.<\/p>\n\n<div class=\"wp-block-image\">\n<figure class=\"aligncenter size-large\"><img decoding=\"async\" src=\"https:\/\/www.pomisna.info\/wp-content\/uploads\/2022\/09\/dsc_7141-1024x684.jpg\" alt=\"\"\/><\/figure>\n<\/div>\n\n<div class=\"wp-block-image\">\n<figure class=\"aligncenter size-large\"><img decoding=\"async\" src=\"https:\/\/www.pomisna.info\/wp-content\/uploads\/2022\/09\/1-3-1024x576.jpg\" alt=\"\"\/><\/figure>\n<\/div>\n\n<div class=\"wp-block-image\">\n<figure class=\"aligncenter size-large\"><img decoding=\"async\" src=\"https:\/\/www.pomisna.info\/wp-content\/uploads\/2022\/09\/dji_0450-1024x576.jpg\" alt=\"\"\/><\/figure>\n<\/div>\n\n<div class=\"wp-block-image\">\n<figure class=\"aligncenter size-large\"><img decoding=\"async\" src=\"https:\/\/www.pomisna.info\/wp-content\/uploads\/2022\/09\/dsc_7068-1024x684.jpg\" alt=\"\"\/><\/figure>\n<\/div>\n\n<div class=\"wp-block-image\">\n<figure class=\"aligncenter size-large\"><img decoding=\"async\" src=\"https:\/\/www.pomisna.info\/wp-content\/uploads\/2022\/09\/dsc_7072-1024x684.jpg\" alt=\"\"\/><\/figure>\n<\/div>\n\n<div class=\"wp-block-image\">\n<figure class=\"aligncenter size-large\"><img decoding=\"async\" src=\"https:\/\/www.pomisna.info\/wp-content\/uploads\/2022\/09\/dsc_7074-1024x684.jpg\" alt=\"\"\/><\/figure>\n<\/div>\n\n<div class=\"wp-block-image\">\n<figure class=\"aligncenter size-large\"><img decoding=\"async\" src=\"https:\/\/www.pomisna.info\/wp-content\/uploads\/2022\/09\/dsc_7077-1025x1536.jpg\" alt=\"\"\/><\/figure>\n<\/div>\n\n<div class=\"wp-block-image\">\n<figure class=\"aligncenter size-large\"><img decoding=\"async\" src=\"https:\/\/www.pomisna.info\/wp-content\/uploads\/2022\/09\/dsc_77777-1024x576.jpg\" alt=\"\"\/><\/figure>\n<\/div>\n\n<div class=\"wp-block-image\">\n<figure class=\"aligncenter size-large\"><img decoding=\"async\" src=\"https:\/\/www.pomisna.info\/wp-content\/uploads\/2022\/09\/dsc_7080-1025x1536.jpg\" alt=\"\"\/><\/figure>\n<\/div>\n\n<div class=\"wp-block-image\">\n<figure class=\"aligncenter size-large\"><img decoding=\"async\" src=\"https:\/\/www.pomisna.info\/wp-content\/uploads\/2022\/09\/dsc_7081-1024x684.jpg\" alt=\"\"\/><\/figure>\n<\/div>\n\n<div class=\"wp-block-image\">\n<figure class=\"aligncenter size-large\"><img decoding=\"async\" src=\"https:\/\/www.pomisna.info\/wp-content\/uploads\/2022\/09\/dsc_7093-1024x684.jpg\" alt=\"\"\/><\/figure>\n<\/div>\n\n<div class=\"wp-block-image\">\n<figure class=\"aligncenter size-large\"><img decoding=\"async\" src=\"https:\/\/www.pomisna.info\/wp-content\/uploads\/2022\/09\/dsc_7097-1-1024x684.jpg\" alt=\"\"\/><\/figure>\n<\/div>\n\n<div class=\"wp-block-image\">\n<figure class=\"aligncenter size-large\"><img decoding=\"async\" src=\"https:\/\/www.pomisna.info\/wp-content\/uploads\/2022\/09\/dsc_7205-1024x684.jpg\" alt=\"\"\/><\/figure>\n<\/div>","protected":false},"excerpt":{"rendered":"<p>\u00a0 El 12 de septiembre de 2022, Su Beatitud Epifan\u00edo Metropolitano visit\u00f3 el pueblo de Rukomysh, regi\u00f3n de Ternopil, donde visit\u00f3 la iglesia en honor de San Onuphrius el Grande y consagr\u00f3 la imagen escult\u00f3rica de los santos m\u00e1rtires Vera, Nadia, Lyubov y su madre Sophia, ubicado en el territorio de la iglesia. Junto con [&hellip;]<\/p>\n","protected":false},"author":1,"featured_media":1047,"comment_status":"closed","ping_status":"closed","sticky":false,"template":"","format":"standard","meta":{"om_disable_all_campaigns":false,"_monsterinsights_skip_tracking":false,"_monsterinsights_sitenote_active":false,"_monsterinsights_sitenote_note":"","_monsterinsights_sitenote_category":0,"_s2mail":"","footnotes":""},"categories":[2],"tags":[],"class_list":["post-1046","post","type-post","status-publish","format-standard","has-post-thumbnail","hentry","category-noticias"],"aioseo_notices":[],"_links":{"self":[{"href":"https:\/\/orthodoxs.org\/index.php?rest_route=\/wp\/v2\/posts\/1046","targetHints":{"allow":["GET"]}}],"collection":[{"href":"https:\/\/orthodoxs.org\/index.php?rest_route=\/wp\/v2\/posts"}],"about":[{"href":"https:\/\/orthodoxs.org\/index.php?rest_route=\/wp\/v2\/types\/post"}],"author":[{"embeddable":true,"href":"https:\/\/orthodoxs.org\/index.php?rest_route=\/wp\/v2\/users\/1"}],"replies":[{"embeddable":true,"href":"https:\/\/orthodoxs.org\/index.php?rest_route=%2Fwp%2Fv2%2Fcomments&post=1046"}],"version-history":[{"count":1,"href":"https:\/\/orthodoxs.org\/index.php?rest_route=\/wp\/v2\/posts\/1046\/revisions"}],"predecessor-version":[{"id":1049,"href":"https:\/\/orthodoxs.org\/index.php?rest_route=\/wp\/v2\/posts\/1046\/revisions\/1049"}],"wp:featuredmedia":[{"embeddable":true,"href":"https:\/\/orthodoxs.org\/index.php?rest_route=\/wp\/v2\/media\/1047"}],"wp:attachment":[{"href":"https:\/\/orthodoxs.org\/index.php?rest_route=%2Fwp%2Fv2%2Fmedia&parent=1046"}],"wp:term":[{"taxonomy":"category","embeddable":true,"href":"https:\/\/orthodoxs.org\/index.php?rest_route=%2Fwp%2Fv2%2Fcategories&post=1046"},{"taxonomy":"post_tag","embeddable":true,"href":"https:\/\/orthodoxs.org\/index.php?rest_route=%2Fwp%2Fv2%2Ftags&post=1046"}],"curies":[{"name":"wp","href":"https:\/\/api.w.org\/{rel}","templated":true}]}}