{"id":1042,"date":"2022-09-18T22:01:25","date_gmt":"2022-09-18T22:01:25","guid":{"rendered":"https:\/\/orthodoxs.org\/?p=1042"},"modified":"2022-09-18T22:01:26","modified_gmt":"2022-09-18T22:01:26","slug":"el-metropolitano-epifanio-en-ternopil-consagro-la-piedra-angular-para-la-construccion-de-la-catedral-en-honor-de-los-santos-iguales-a-los-apostoles-cirilo-y-metodio","status":"publish","type":"post","link":"https:\/\/orthodoxs.org\/?p=1042","title":{"rendered":"El metropolitano Epifanio en Ternopil consagr\u00f3 la piedra angular para la construcci\u00f3n de la catedral en honor de los Santos Iguales a los Ap\u00f3stoles Cirilo y Metodio"},"content":{"rendered":"<p>\u00a0<\/p>\n<p>El 11 de septiembre de 2022, Su Beatitud Epifan\u00edo Metropolitana de Kyiv y Toda Ucrania realiz\u00f3 una visita archpastoral a la Di\u00f3cesis de Ternopil-Buchach, donde consagr\u00f3 la piedra angular para la construcci\u00f3n de la Catedral en honor de los Santos Iguales a los Ap\u00f3stoles Cirilo y Methodius, ubicado en la calle Mykulynetskaya en la ciudad de Ternopil.<\/p>\n<p>El metropolitano Makariy de Lviv, el arzobispo Nestor de Ternopil y Kremenets, el arzobispo de Ternopil y Buchatsky Tikhon, el arzobispo de Vyshgorod Agapit, el obispo de Odesa y Baltic Athanasius, el obispo de Zhytomyr y Ovrutskyi Paisius, el arcipreste Peter Zayats, el secretario de la di\u00f3cesis, el arcipreste Peter Zayats, Arcipreste del templo rez\u00f3 junto con el Primado de la Iglesia Ortodoxa de Ucrania Vasyl Bozhakivskyi y el clero de la di\u00f3cesis, defensores de la Patria, el alcalde de Ternopil Serhiy Nadal y los fieles.<\/p>\n<p>Despu\u00e9s de la ceremonia de consagraci\u00f3n, Su Beatitud Obispo felicit\u00f3 a los presentes por el significativo evento, agradeci\u00f3 a todos por la oraci\u00f3n conjunta y dese\u00f3 \u00e9xitos en la construcci\u00f3n de la futura catedral.<\/p>\n<p>\u201cAcabamos de terminar de colocar la primera piedra para la construcci\u00f3n de una nueva iglesia en honor a los Santos Iguales a los Ap\u00f3stoles Cirilo y Metodio.\u00a0El templo que se levantar\u00e1 se levantar\u00e1 gracias a la bendici\u00f3n de Dios, pero a trav\u00e9s de nuestras manos.\u00a0Porque cada uno de nosotros tiene la oportunidad de participar en una gran causa que agrada a Dios: la construcci\u00f3n de un templo.<\/p>\n<p>Vivimos en este mundo por un cierto per\u00edodo de tiempo, y el templo que ser\u00e1 construido estar\u00e1 constantemente lleno de oraciones a Dios.\u00a0El servicio de la iglesia est\u00e1 construido de tal manera que durante su ejecuci\u00f3n fluyen constantemente oraciones por los fundadores, constructores y donantes.\u00a0Por eso tenemos una oportunidad \u00fanica de unirnos a una causa tan grande: construir la casa de Dios\u201d, enfatiz\u00f3 el Primado.<\/p>\n<p>&#8220;Construimos esta catedral y recordamos al venerable metropolita Metodio, que quiso construir esta iglesia.\u00a0Hoy est\u00e1 all\u00ed, en el Cielo, y lo recordamos en nuestras oraciones, mostr\u00e1ndole nuestro amor.\u00a0Porque es a trav\u00e9s de la oraci\u00f3n que mostramos nuestro amor por aquellos que se han ido a la eternidad.\u00a0Y es importante para ellos.\u00a0En el templo fluir\u00e1n constantemente las oraciones y se mencionar\u00e1 su nombre.<\/p>\n<p>Que la bendici\u00f3n de Dios sea sobre este lugar, sobre cada uno de ustedes, para que en el futuro podamos regocijarnos por el buen \u00e9xito de la construcci\u00f3n de esta catedral\u201d, concluy\u00f3 Epifan\u00edo Metropolitano.<\/p>\n\n<div class=\"wp-block-image\">\n<figure class=\"aligncenter size-large\"><img decoding=\"async\" src=\"https:\/\/www.pomisna.info\/wp-content\/uploads\/2022\/09\/dsc_6623-1024x684.jpg\" alt=\"\"\/><\/figure>\n<\/div>\n\n<div class=\"wp-block-image\">\n<figure class=\"aligncenter size-large\"><img decoding=\"async\" src=\"https:\/\/www.pomisna.info\/wp-content\/uploads\/2022\/09\/dsc_6516-1024x684.jpg\" alt=\"\"\/><\/figure>\n<\/div>\n\n<div class=\"wp-block-image\">\n<figure class=\"aligncenter size-large\"><img decoding=\"async\" src=\"https:\/\/www.pomisna.info\/wp-content\/uploads\/2022\/09\/dsc_6520-1024x684.jpg\" alt=\"\"\/><\/figure>\n<\/div>\n\n<div class=\"wp-block-image\">\n<figure class=\"aligncenter size-large\"><img decoding=\"async\" src=\"https:\/\/www.pomisna.info\/wp-content\/uploads\/2022\/09\/dsc_6526-1024x684.jpg\" alt=\"\"\/><\/figure>\n<\/div>\n\n<div class=\"wp-block-image\">\n<figure class=\"aligncenter size-large\"><img decoding=\"async\" src=\"https:\/\/www.pomisna.info\/wp-content\/uploads\/2022\/09\/dsc_6534-1024x684.jpg\" alt=\"\"\/><\/figure>\n<\/div>\n\n<div class=\"wp-block-image\">\n<figure class=\"aligncenter size-large\"><img decoding=\"async\" src=\"https:\/\/www.pomisna.info\/wp-content\/uploads\/2022\/09\/dsc_6537-1024x684.jpg\" alt=\"\"\/><\/figure>\n<\/div>\n\n<div class=\"wp-block-image\">\n<figure class=\"aligncenter size-large\"><img decoding=\"async\" src=\"https:\/\/www.pomisna.info\/wp-content\/uploads\/2022\/09\/dsc_6544-1024x684.jpg\" alt=\"\"\/><\/figure>\n<\/div>\n\n<div class=\"wp-block-image\">\n<figure class=\"aligncenter size-large\"><img decoding=\"async\" src=\"https:\/\/www.pomisna.info\/wp-content\/uploads\/2022\/09\/dsc_6545-1024x684.jpg\" alt=\"\"\/><\/figure>\n<\/div>\n\n<div class=\"wp-block-image\">\n<figure class=\"aligncenter size-large\"><img decoding=\"async\" src=\"https:\/\/www.pomisna.info\/wp-content\/uploads\/2022\/09\/dsc_6553-1024x684.jpg\" alt=\"\"\/><\/figure>\n<\/div>\n\n<div class=\"wp-block-image\">\n<figure class=\"aligncenter size-large\"><img decoding=\"async\" src=\"https:\/\/www.pomisna.info\/wp-content\/uploads\/2022\/09\/dsc_6558-1024x684.jpg\" alt=\"\"\/><\/figure>\n<\/div>\n\n<div class=\"wp-block-image\">\n<figure class=\"aligncenter size-large\"><img decoding=\"async\" src=\"https:\/\/www.pomisna.info\/wp-content\/uploads\/2022\/09\/dsc_6574-1024x684.jpg\" alt=\"\"\/><\/figure>\n<\/div>\n\n<div class=\"wp-block-image\">\n<figure class=\"aligncenter size-large\"><img decoding=\"async\" src=\"https:\/\/www.pomisna.info\/wp-content\/uploads\/2022\/09\/dsc_6589-1024x684.jpg\" alt=\"\"\/><\/figure>\n<\/div>\n\n<div class=\"wp-block-image\">\n<figure class=\"aligncenter size-large\"><img decoding=\"async\" src=\"https:\/\/www.pomisna.info\/wp-content\/uploads\/2022\/09\/dsc_6607-1024x684.jpg\" alt=\"\"\/><\/figure>\n<\/div>","protected":false},"excerpt":{"rendered":"<p>\u00a0 El 11 de septiembre de 2022, Su Beatitud Epifan\u00edo Metropolitana de Kyiv y Toda Ucrania realiz\u00f3 una visita archpastoral a la Di\u00f3cesis de Ternopil-Buchach, donde consagr\u00f3 la piedra angular para la construcci\u00f3n de la Catedral en honor de los Santos Iguales a los Ap\u00f3stoles Cirilo y Methodius, ubicado en la calle Mykulynetskaya en la [&hellip;]<\/p>\n","protected":false},"author":1,"featured_media":230,"comment_status":"closed","ping_status":"closed","sticky":false,"template":"","format":"standard","meta":{"om_disable_all_campaigns":false,"_monsterinsights_skip_tracking":false,"_monsterinsights_sitenote_active":false,"_monsterinsights_sitenote_note":"","_monsterinsights_sitenote_category":0,"_s2mail":"","footnotes":""},"categories":[2],"tags":[],"class_list":["post-1042","post","type-post","status-publish","format-standard","has-post-thumbnail","hentry","category-noticias"],"aioseo_notices":[],"_links":{"self":[{"href":"https:\/\/orthodoxs.org\/index.php?rest_route=\/wp\/v2\/posts\/1042","targetHints":{"allow":["GET"]}}],"collection":[{"href":"https:\/\/orthodoxs.org\/index.php?rest_route=\/wp\/v2\/posts"}],"about":[{"href":"https:\/\/orthodoxs.org\/index.php?rest_route=\/wp\/v2\/types\/post"}],"author":[{"embeddable":true,"href":"https:\/\/orthodoxs.org\/index.php?rest_route=\/wp\/v2\/users\/1"}],"replies":[{"embeddable":true,"href":"https:\/\/orthodoxs.org\/index.php?rest_route=%2Fwp%2Fv2%2Fcomments&post=1042"}],"version-history":[{"count":1,"href":"https:\/\/orthodoxs.org\/index.php?rest_route=\/wp\/v2\/posts\/1042\/revisions"}],"predecessor-version":[{"id":1043,"href":"https:\/\/orthodoxs.org\/index.php?rest_route=\/wp\/v2\/posts\/1042\/revisions\/1043"}],"wp:featuredmedia":[{"embeddable":true,"href":"https:\/\/orthodoxs.org\/index.php?rest_route=\/wp\/v2\/media\/230"}],"wp:attachment":[{"href":"https:\/\/orthodoxs.org\/index.php?rest_route=%2Fwp%2Fv2%2Fmedia&parent=1042"}],"wp:term":[{"taxonomy":"category","embeddable":true,"href":"https:\/\/orthodoxs.org\/index.php?rest_route=%2Fwp%2Fv2%2Fcategories&post=1042"},{"taxonomy":"post_tag","embeddable":true,"href":"https:\/\/orthodoxs.org\/index.php?rest_route=%2Fwp%2Fv2%2Ftags&post=1042"}],"curies":[{"name":"wp","href":"https:\/\/api.w.org\/{rel}","templated":true}]}}