{"id":1035,"date":"2022-09-18T14:23:21","date_gmt":"2022-09-18T14:23:21","guid":{"rendered":"https:\/\/orthodoxs.org\/?p=1035"},"modified":"2022-09-18T14:23:22","modified_gmt":"2022-09-18T14:23:22","slug":"el-primado-encabezo-la-oracion-por-la-culminacion-con-exito-de-la-construccion-de-la-catedral-en-honor-a-los-santos-constantino-y-elena","status":"publish","type":"post","link":"https:\/\/orthodoxs.org\/?p=1035","title":{"rendered":"El Primado encabez\u00f3 la oraci\u00f3n por la culminaci\u00f3n con \u00e9xito de la construcci\u00f3n de la Catedral en honor a los Santos Constantino y Elena"},"content":{"rendered":"<p>El 11 de septiembre de 2022, Su Beatitud Epifan\u00edo Metropolitano dirigi\u00f3 un servicio de oraci\u00f3n por la finalizaci\u00f3n exitosa de la construcci\u00f3n de la catedral en honor de los Santos Iguales a los Ap\u00f3stoles Constantino y Elena de la ciudad de Ternopil.<\/p>\n<p>El metropolitano Makariy de Lviv, el arzobispo Nestor de Ternopil y Kremenets, el arzobispo Agapit de Vyshgorod, el obispo Pavlo de Ternopil y Terebovlyan, el obispo Athanasius de Odesa y B\u00e1ltico, el obispo Paisiy de Zhytomyr y Ovruch, y el clero de la di\u00f3cesis oraron junto con Su Beatitud.<\/p>\n<p>\u201cHoy ofrecemos oraciones cerca del templo en construcci\u00f3n, pidiendo a Dios que ayude y facilite la pronta finalizaci\u00f3n de esta construcci\u00f3n. Creemos que el Se\u00f1or obra bien en nuestras vidas y lo vemos en la construcci\u00f3n de este templo. Porque sin la gracia de Dios y su ayuda, nosotros, pecadores, no podr\u00edamos haber hecho una obra tan grande como la construcci\u00f3n de un templo, la casa de Dios, con nuestras propias fuerzas\u201d, enfatiz\u00f3 el Metropolita Epifanio.<\/p>\n<p>El Primado tambi\u00e9n entreg\u00f3 la cruz con el nombre del Primado al Arcipreste Roman Lugovoi y al Arcipreste Ruslan Prytula y bendijo a la comunidad por la finalizaci\u00f3n exitosa de la construcci\u00f3n de la catedral.<\/p>\n<p>Al final del Servicio Divino, el Arzobispo N\u00e9stor de Ternopil y Kremenets expres\u00f3 su agradecimiento a Su Beatitud el Metropolita Epifanio por las oraciones de ordenaci\u00f3n y el cuidado espiritual.<\/p>\n\n<div class=\"wp-block-image\">\n<figure class=\"aligncenter size-large\"><img decoding=\"async\" src=\"https:\/\/www.pomisna.info\/wp-content\/uploads\/2022\/09\/dsc_6507-1024x684.jpg\" alt=\"\"\/><\/figure>\n<\/div>\n\n<div class=\"wp-block-image\">\n<figure class=\"aligncenter size-large\"><img decoding=\"async\" src=\"https:\/\/www.pomisna.info\/wp-content\/uploads\/2022\/09\/dji_0435.jpg\" alt=\"\"\/><\/figure>\n<\/div>\n\n<div class=\"wp-block-image\">\n<figure class=\"aligncenter size-large\"><img decoding=\"async\" src=\"https:\/\/www.pomisna.info\/wp-content\/uploads\/2022\/09\/dji_0436-1024x576.jpg\" alt=\"\"\/><\/figure>\n<\/div>\n\n<div class=\"wp-block-image\">\n<figure class=\"aligncenter size-large\"><img decoding=\"async\" src=\"https:\/\/www.pomisna.info\/wp-content\/uploads\/2022\/09\/dsc_6410-1024x684.jpg\" alt=\"\"\/><\/figure>\n<\/div>\n\n<div class=\"wp-block-image\">\n<figure class=\"aligncenter size-large\"><img decoding=\"async\" src=\"https:\/\/www.pomisna.info\/wp-content\/uploads\/2022\/09\/dsc_6413-1024x684.jpg\" alt=\"\"\/><\/figure>\n<\/div>\n\n<div class=\"wp-block-image\">\n<figure class=\"aligncenter size-large\"><img decoding=\"async\" src=\"https:\/\/www.pomisna.info\/wp-content\/uploads\/2022\/09\/dsc_6416-1024x636.jpg\" alt=\"\"\/><\/figure>\n<\/div>\n\n<div class=\"wp-block-image\">\n<figure class=\"aligncenter size-large\"><img decoding=\"async\" src=\"https:\/\/www.pomisna.info\/wp-content\/uploads\/2022\/09\/dsc_6419-1024x684.jpg\" alt=\"\"\/><\/figure>\n<\/div>\n\n<div class=\"wp-block-image\">\n<figure class=\"aligncenter size-large\"><img decoding=\"async\" src=\"https:\/\/www.pomisna.info\/wp-content\/uploads\/2022\/09\/dsc_6434-1024x684.jpg\" alt=\"\"\/><\/figure>\n<\/div>\n\n<div class=\"wp-block-image\">\n<figure class=\"aligncenter size-large\"><img decoding=\"async\" src=\"https:\/\/www.pomisna.info\/wp-content\/uploads\/2022\/09\/dsc_6447-1024x684.jpg\" alt=\"\"\/><\/figure>\n<\/div>\n\n<div class=\"wp-block-image\">\n<figure class=\"aligncenter size-large\"><img decoding=\"async\" src=\"https:\/\/www.pomisna.info\/wp-content\/uploads\/2022\/09\/dsc_6455-1024x684.jpg\" alt=\"\"\/><\/figure>\n<\/div>\n\n<div class=\"wp-block-image\">\n<figure class=\"aligncenter size-large\"><img decoding=\"async\" src=\"https:\/\/www.pomisna.info\/wp-content\/uploads\/2022\/09\/dsc_6462-1024x664.jpg\" alt=\"\"\/><\/figure>\n<\/div>\n\n<div class=\"wp-block-image\">\n<figure class=\"aligncenter size-large\"><img decoding=\"async\" src=\"https:\/\/www.pomisna.info\/wp-content\/uploads\/2022\/09\/dsc_6465-1024x684.jpg\" alt=\"\"\/><\/figure>\n<\/div>\n\n<div class=\"wp-block-image\">\n<figure class=\"aligncenter size-large\"><img decoding=\"async\" src=\"https:\/\/www.pomisna.info\/wp-content\/uploads\/2022\/09\/dsc_6474-1025x1536.jpg\" alt=\"\"\/><\/figure>\n<\/div>\n\n<div class=\"wp-block-image\">\n<figure class=\"aligncenter size-large\"><img decoding=\"async\" src=\"https:\/\/www.pomisna.info\/wp-content\/uploads\/2022\/09\/dsc_6501-1024x684.jpg\" alt=\"\"\/><\/figure>\n<\/div>\n\n<div class=\"wp-block-image\">\n<figure class=\"aligncenter size-large\"><img decoding=\"async\" src=\"https:\/\/www.pomisna.info\/wp-content\/uploads\/2022\/09\/dsc_6505-1024x684.jpg\" alt=\"\"\/><\/figure>\n<\/div>","protected":false},"excerpt":{"rendered":"<p>El 11 de septiembre de 2022, Su Beatitud Epifan\u00edo Metropolitano dirigi\u00f3 un servicio de oraci\u00f3n por la finalizaci\u00f3n exitosa de la construcci\u00f3n de la catedral en honor de los Santos Iguales a los Ap\u00f3stoles Constantino y Elena de la ciudad de Ternopil. El metropolitano Makariy de Lviv, el arzobispo Nestor de Ternopil y Kremenets, el [&hellip;]<\/p>\n","protected":false},"author":1,"featured_media":230,"comment_status":"closed","ping_status":"closed","sticky":false,"template":"","format":"standard","meta":{"om_disable_all_campaigns":false,"_monsterinsights_skip_tracking":false,"_monsterinsights_sitenote_active":false,"_monsterinsights_sitenote_note":"","_monsterinsights_sitenote_category":0,"_s2mail":"","footnotes":""},"categories":[2],"tags":[],"class_list":["post-1035","post","type-post","status-publish","format-standard","has-post-thumbnail","hentry","category-noticias"],"aioseo_notices":[],"_links":{"self":[{"href":"https:\/\/orthodoxs.org\/index.php?rest_route=\/wp\/v2\/posts\/1035","targetHints":{"allow":["GET"]}}],"collection":[{"href":"https:\/\/orthodoxs.org\/index.php?rest_route=\/wp\/v2\/posts"}],"about":[{"href":"https:\/\/orthodoxs.org\/index.php?rest_route=\/wp\/v2\/types\/post"}],"author":[{"embeddable":true,"href":"https:\/\/orthodoxs.org\/index.php?rest_route=\/wp\/v2\/users\/1"}],"replies":[{"embeddable":true,"href":"https:\/\/orthodoxs.org\/index.php?rest_route=%2Fwp%2Fv2%2Fcomments&post=1035"}],"version-history":[{"count":1,"href":"https:\/\/orthodoxs.org\/index.php?rest_route=\/wp\/v2\/posts\/1035\/revisions"}],"predecessor-version":[{"id":1036,"href":"https:\/\/orthodoxs.org\/index.php?rest_route=\/wp\/v2\/posts\/1035\/revisions\/1036"}],"wp:featuredmedia":[{"embeddable":true,"href":"https:\/\/orthodoxs.org\/index.php?rest_route=\/wp\/v2\/media\/230"}],"wp:attachment":[{"href":"https:\/\/orthodoxs.org\/index.php?rest_route=%2Fwp%2Fv2%2Fmedia&parent=1035"}],"wp:term":[{"taxonomy":"category","embeddable":true,"href":"https:\/\/orthodoxs.org\/index.php?rest_route=%2Fwp%2Fv2%2Fcategories&post=1035"},{"taxonomy":"post_tag","embeddable":true,"href":"https:\/\/orthodoxs.org\/index.php?rest_route=%2Fwp%2Fv2%2Ftags&post=1035"}],"curies":[{"name":"wp","href":"https:\/\/api.w.org\/{rel}","templated":true}]}}