{"id":1027,"date":"2022-09-16T03:02:23","date_gmt":"2022-09-16T03:02:23","guid":{"rendered":"https:\/\/orthodoxs.org\/?p=1027"},"modified":"2022-09-16T04:07:48","modified_gmt":"2022-09-16T04:07:48","slug":"la-epifania-metropolitana-recibio-un-premio-honorifico-de-la-ciudad-de-kavala","status":"publish","type":"post","link":"https:\/\/orthodoxs.org\/?p=1027","title":{"rendered":"El Metropolitano Epifan\u00edo recibi\u00f3 un premio honor\u00edfico de la ciudad de Kavala"},"content":{"rendered":"<p><\/p>\n<p>El 6 de septiembre de 2022, en el cuarto d\u00eda de la visita oficial del Primado de la Iglesia Ortodoxa de Ucrania Su Beatitud el Metropolita Epifanio a Grecia, tuvo lugar una serie de eventos en la ciudad de Kavala, centro del Metropolitano de Filipos, N\u00e1poles y Thassos, en la que particip\u00f3 junto al patriarca ecum\u00e9nico Bartolom\u00e9.<\/p>\n<p>El d\u00eda comenz\u00f3 con una visita a la Viceprefectura de Kavala. En su discurso, el viceprefecto Alexios Politis, dirigi\u00e9ndose al metropolita Epifanio de Kyiv y toda Ucrania, expres\u00f3 su compa\u00f1ia por el sufrimiento del pueblo ucraniano por la agresi\u00f3n rusa. Pidi\u00f3 transmitir a los ucranianos palabras de apoyo y deseos de lograr una paz justa.<\/p>\n<p>El patriarca ecum\u00e9nico Bartolom\u00e9 agradeci\u00f3 al viceprefecto por su hospitalidad y dese\u00f3 a Kavala ya toda la regi\u00f3n la bendici\u00f3n y la prosperidad de Dios.<\/p>\n<p>En la sala del Museo Arqueol\u00f3gico local, la C\u00e1mara de Comercio e Industria de Kavala celebr\u00f3 un evento solemne dedicado a la visita de los Jefes de Iglesias.&nbsp;El titular de la C\u00e1mara, Markos Dembas, se\u00f1al\u00f3 que la econom\u00eda de la regi\u00f3n tambi\u00e9n est\u00e1 sufriendo por la pol\u00edtica agresiva de Rusia y la guerra que desat\u00f3.&nbsp;El apoyo espiritual es particularmente importante durante las pruebas, y los empresarios y residentes de Kavala est\u00e1n agradecidos con su pastor y padre, el patriarca ecum\u00e9nico Bartolom\u00e9, por sus oraciones, instrucciones, apoyo y bendiciones, dijo el Sr. Dembas.<\/p>\n<p>Luego hubo una presentaci\u00f3n sobre los santuarios de Kavala y Thasos, como lugares de peregrinaci\u00f3n y renovaci\u00f3n espiritual.&nbsp;En su discurso posterior a la presentaci\u00f3n, el Patriarca destac\u00f3 la importancia de la peregrinaci\u00f3n como tradici\u00f3n para la pr\u00e1ctica espiritual ortodoxa.&nbsp;Al mismo tiempo, enfatiz\u00f3, viajar, contemplar la belleza de la creaci\u00f3n de Dios y los dones de la naturaleza son tambi\u00e9n la puerta para conocer a Dios.&nbsp;&#8220;No debemos ser categ\u00f3ricos en este asunto, porque incluso para los turistas comunes, visitar los santuarios puede abrir la puerta para aceptar la luz de la verdad de Cristo&#8221;, dijo.<\/p>\n<p>Al final del evento, el Sr. Dembas, dirigi\u00e9ndose a Su Beatitud el Metropolita Epifanio, le agradeci\u00f3 su visita a Kavala y enfatiz\u00f3: &#8220;Le aseguro, Su Santidad, que el pueblo de Kavala est\u00e1 de su lado y desea que Ucrania logre un paz justa lo antes posible, para que esta guerra inmoral por parte de Rusia termine pronto&#8221;.&nbsp;En recuerdo de la visita, entreg\u00f3 a los invitados obsequios simb\u00f3licos.<\/p>\n<p>Los encuentros continuaron en el municipio de Kavala, donde el Gran Club de esta ciudad organiz\u00f3 un acto de homenaje a los Patriarcas de las Iglesias.&nbsp;En nombre del consejo local, su presidente, el Sr. Konstantinos Pefanis, se dirigi\u00f3 a los dignatarios con unas palabras de felicitaci\u00f3n.<\/p>\n<p>Posteriormente, el alcalde de Kavala, Sr. Theodoros Mouridis, anunci\u00f3 la decisi\u00f3n de otorgar a la ciudad de Su Santidad el Patriarca Ecum\u00e9nico Bartolom\u00e9 un premio honor\u00edfico por su labor en la protecci\u00f3n del medio ambiente.&nbsp;En su discurso, el Patriarca agradeci\u00f3 el premio honor\u00edfico.<\/p>\n<p>Luego, el alcalde de Kavala habl\u00f3 brevemente sobre la guerra en Ucrania, as\u00ed como sobre los eventos de la iglesia en nuestro pa\u00eds.&nbsp;&#8220;\u00a1Bendecido!&nbsp;\u00a1En su respetable persona, vemos a un digno pastor y obispo del pueblo ucraniano, el Primado de la Iglesia local de Ucrania!&nbsp;\u00a1Le damos una calurosa bienvenida a Kavala!&#8221;&nbsp;dijo el Sr. Muridis.<\/p>\n<p>Tras anunciar los principales hitos de la biograf\u00eda del Primado de la OCU, se dio lectura a la decisi\u00f3n de otorgar a Su Beatitud Obispo un premio honor\u00edfico de la ciudad de Kavala.<\/p>\n<p>Tras recibir el premio, Epifan\u00edo Metropolitano agradeci\u00f3 al alcalde ya los vecinos de Kavali el respeto y el apoyo del pueblo ucraniano en su justa lucha contra los agresores.<\/p>\n<p>Finalizaron los actos sociales y encuentros del cuarto d\u00eda de la visita de los Jefes de Iglesias a la Universidad Internacional de Grecia, donde Su Santidad el Patriarca Ecum\u00e9nico Bartolom\u00e9 fue investido doctor honoris causa en nombre de la Facultad de Ciencias Forestales y Forestales por destacada contribuci\u00f3n personal a la protecci\u00f3n del medio ambiente natural.<\/p>\n<p>Al recibir los premios, el patriarca Bartolom\u00e9 agradeci\u00f3 el honor que se le ha hecho y en su discurso resalt\u00f3 el deber de toda persona, especialmente de los cristianos, de cuidar no s\u00f3lo de s\u00ed mismos y de su pr\u00f3jimo, sino tambi\u00e9n de la naturaleza.&nbsp;Es creaci\u00f3n de Dios y nos est\u00e1 encomendada cuidarla, y no destruirla, enfatiz\u00f3 el Patriarca.<\/p>\n\n<div class=\"wp-block-image\">\n<figure class=\"aligncenter size-large\"><img decoding=\"async\" src=\"https:\/\/www.pomisna.info\/wp-content\/uploads\/2022\/09\/dsc_4753.jpg\" alt=\"\"\/><\/figure>\n<\/div>\n\n<div class=\"wp-block-image\">\n<figure class=\"aligncenter size-large\"><img decoding=\"async\" src=\"https:\/\/www.pomisna.info\/wp-content\/uploads\/2022\/09\/dsc_4581.jpg\" alt=\"\"\/><\/figure>\n<\/div>\n\n<div class=\"wp-block-image\">\n<figure class=\"aligncenter size-large\"><img decoding=\"async\" src=\"https:\/\/www.pomisna.info\/wp-content\/uploads\/2022\/09\/dsc_4604.jpg\" alt=\"\"\/><\/figure>\n<\/div>\n\n<div class=\"wp-block-image\">\n<figure class=\"aligncenter size-large\"><img decoding=\"async\" src=\"https:\/\/www.pomisna.info\/wp-content\/uploads\/2022\/09\/dsc_4618.jpg\" alt=\"\"\/><\/figure>\n<\/div>\n\n<div class=\"wp-block-image\">\n<figure class=\"aligncenter size-large\"><img decoding=\"async\" src=\"https:\/\/www.pomisna.info\/wp-content\/uploads\/2022\/09\/dsc_4620.jpg\" alt=\"\"\/><\/figure>\n<\/div>\n\n<div class=\"wp-block-image\">\n<figure class=\"aligncenter size-large\"><img decoding=\"async\" src=\"https:\/\/www.pomisna.info\/wp-content\/uploads\/2022\/09\/dsc_4671.jpg\" alt=\"\"\/><\/figure>\n<\/div>\n\n<div class=\"wp-block-image\">\n<figure class=\"aligncenter size-large\"><img decoding=\"async\" src=\"https:\/\/www.pomisna.info\/wp-content\/uploads\/2022\/09\/dsc_4674.jpg\" alt=\"\"\/><\/figure>\n<\/div>\n\n<div class=\"wp-block-image\">\n<figure class=\"aligncenter size-large\"><img decoding=\"async\" src=\"https:\/\/www.pomisna.info\/wp-content\/uploads\/2022\/09\/dsc_4702.jpg\" alt=\"\"\/><\/figure>\n<\/div>\n\n<div class=\"wp-block-image\">\n<figure class=\"aligncenter size-large\"><img decoding=\"async\" src=\"https:\/\/www.pomisna.info\/wp-content\/uploads\/2022\/09\/dsc_4730.jpg\" alt=\"\"\/><\/figure>\n<\/div>\n\n<div class=\"wp-block-image\">\n<figure class=\"aligncenter size-large\"><img decoding=\"async\" src=\"https:\/\/www.pomisna.info\/wp-content\/uploads\/2022\/09\/dsc_4753.jpg\" alt=\"\"\/><\/figure>\n<\/div>","protected":false},"excerpt":{"rendered":"<p>El 6 de septiembre de 2022, en el cuarto d\u00eda de la visita oficial del Primado de la Iglesia Ortodoxa de Ucrania Su Beatitud el Metropolita Epifanio a Grecia, tuvo lugar una serie de eventos en la ciudad de Kavala, centro del Metropolitano de Filipos, N\u00e1poles y Thassos, en la que particip\u00f3 junto al patriarca [&hellip;]<\/p>\n","protected":false},"author":1,"featured_media":132,"comment_status":"closed","ping_status":"closed","sticky":false,"template":"","format":"standard","meta":{"om_disable_all_campaigns":false,"_monsterinsights_skip_tracking":false,"_monsterinsights_sitenote_active":false,"_monsterinsights_sitenote_note":"","_monsterinsights_sitenote_category":0,"_s2mail":"","footnotes":""},"categories":[2],"tags":[],"class_list":["post-1027","post","type-post","status-publish","format-standard","has-post-thumbnail","hentry","category-noticias"],"aioseo_notices":[],"_links":{"self":[{"href":"https:\/\/orthodoxs.org\/index.php?rest_route=\/wp\/v2\/posts\/1027","targetHints":{"allow":["GET"]}}],"collection":[{"href":"https:\/\/orthodoxs.org\/index.php?rest_route=\/wp\/v2\/posts"}],"about":[{"href":"https:\/\/orthodoxs.org\/index.php?rest_route=\/wp\/v2\/types\/post"}],"author":[{"embeddable":true,"href":"https:\/\/orthodoxs.org\/index.php?rest_route=\/wp\/v2\/users\/1"}],"replies":[{"embeddable":true,"href":"https:\/\/orthodoxs.org\/index.php?rest_route=%2Fwp%2Fv2%2Fcomments&post=1027"}],"version-history":[{"count":2,"href":"https:\/\/orthodoxs.org\/index.php?rest_route=\/wp\/v2\/posts\/1027\/revisions"}],"predecessor-version":[{"id":1029,"href":"https:\/\/orthodoxs.org\/index.php?rest_route=\/wp\/v2\/posts\/1027\/revisions\/1029"}],"wp:featuredmedia":[{"embeddable":true,"href":"https:\/\/orthodoxs.org\/index.php?rest_route=\/wp\/v2\/media\/132"}],"wp:attachment":[{"href":"https:\/\/orthodoxs.org\/index.php?rest_route=%2Fwp%2Fv2%2Fmedia&parent=1027"}],"wp:term":[{"taxonomy":"category","embeddable":true,"href":"https:\/\/orthodoxs.org\/index.php?rest_route=%2Fwp%2Fv2%2Fcategories&post=1027"},{"taxonomy":"post_tag","embeddable":true,"href":"https:\/\/orthodoxs.org\/index.php?rest_route=%2Fwp%2Fv2%2Ftags&post=1027"}],"curies":[{"name":"wp","href":"https:\/\/api.w.org\/{rel}","templated":true}]}}