{"id":1025,"date":"2022-09-16T01:11:02","date_gmt":"2022-09-16T01:11:02","guid":{"rendered":"https:\/\/orthodoxs.org\/?p=1025"},"modified":"2022-09-16T01:11:04","modified_gmt":"2022-09-16T01:11:04","slug":"su-beatitud-el-metropolitano-epifanio-visito-el-monasterio-del-santo-apostol-silas","status":"publish","type":"post","link":"https:\/\/orthodoxs.org\/?p=1025","title":{"rendered":"Su Beatitud el Metropolitano Epifanio visit\u00f3 el monasterio del Santo Ap\u00f3stol Silas"},"content":{"rendered":"<p>El 5 de septiembre de 2022, al final del agitado tercer d\u00eda de la visita oficial del Primado de la Iglesia Ortodoxa de Ucrania a Grecia, tuvo lugar una serie de actos en los que particip\u00f3 Su Beatitud Epifan\u00edo Metropolita de Kyiv y Toda Ucrania. junto con el patriarca ecum\u00e9nico Bartolom\u00e9.<\/p>\n<p>Despu\u00e9s del servicio de oraci\u00f3n en la catedral de Kavala, los Jefes de Iglesias, jerarcas e invitados de honor llegaron al Museo Arqueol\u00f3gico, donde se present\u00f3 el concepto de la futura exposici\u00f3n de iconos antiguos y objetos lit\u00fargicos de la colecci\u00f3n de la Metr\u00f3polis de Filipos, N\u00e1poles. y Thassos, integrado l\u00f3gicamente con los hitos de la vida y ministerio del Ap\u00f3stol Pablo y las ense\u00f1anzas expuestas en sus ep\u00edstolas.\u00a0Los participantes del evento tambi\u00e9n vieron la exposici\u00f3n de \u00edconos antiguos, que en el futuro formar\u00e1 parte de dicha exposici\u00f3n.<\/p>\n<p>Despu\u00e9s de eso, el Patriarca Ecum\u00e9nico Bartolom\u00e9 y Su Beatitud el Metropolita Epifanio llegaron al monasterio del santo ap\u00f3stol Silas, compa\u00f1ero del ap\u00f3stol Pablo, ubicado en las afueras de Kavala.\u00a0Despu\u00e9s de la reuni\u00f3n solemne, los prelados, los jerarcas y el clero realizaron una oraci\u00f3n f\u00fanebre en la tumba del anterior jerarca gobernante de la metr\u00f3polis local, el metropolitano Procopio, quien hab\u00eda sido su l\u00edder durante m\u00e1s de 40 a\u00f1os desde 1974.<\/p>\n<p>Luego tuvo lugar la presentaci\u00f3n del libro de cartas distritales del metropolitano Procopio al clero y fieles de la metr\u00f3poli, en el que impart\u00eda profundas ense\u00f1anzas teol\u00f3gicas y eclesi\u00e1sticas.\u00a0En recuerdo de la visita, la Epifan\u00eda Metropolitana obsequi\u00f3 al monasterio con un icono de la Madre de Dios.<\/p>\n<p>El programa del tercer d\u00eda de estancia del Patriarca de la OCU en Grecia finaliz\u00f3 con la visita a un concierto de m\u00fasica espiritual y folcl\u00f3rica, que tuvo lugar en el antiguo teatro de Filipos.<\/p>\n\n<div class=\"wp-block-image\">\n<figure class=\"aligncenter size-large\"><img decoding=\"async\" src=\"https:\/\/www.pomisna.info\/wp-content\/uploads\/2022\/09\/dsc_4342-2048x1367.jpg\" alt=\"\"\/><\/figure>\n<\/div>\n\n<div class=\"wp-block-image\">\n<figure class=\"aligncenter size-large\"><img decoding=\"async\" src=\"https:\/\/www.pomisna.info\/wp-content\/uploads\/2022\/09\/dsc_4125.jpg\" alt=\"\"\/><\/figure>\n<\/div>\n\n<div class=\"wp-block-image\">\n<figure class=\"aligncenter size-large\"><img decoding=\"async\" src=\"https:\/\/www.pomisna.info\/wp-content\/uploads\/2022\/09\/dsc_4132.jpg\" alt=\"\"\/><\/figure>\n<\/div>\n\n<div class=\"wp-block-image\">\n<figure class=\"aligncenter size-large\"><img decoding=\"async\" src=\"https:\/\/www.pomisna.info\/wp-content\/uploads\/2022\/09\/dsc_4136.jpg\" alt=\"\"\/><\/figure>\n<\/div>\n\n<div class=\"wp-block-image\">\n<figure class=\"aligncenter size-large\"><img decoding=\"async\" src=\"https:\/\/www.pomisna.info\/wp-content\/uploads\/2022\/09\/dsc_4147.jpg\" alt=\"\"\/><\/figure>\n<\/div>\n\n<div class=\"wp-block-image\">\n<figure class=\"aligncenter size-large\"><img decoding=\"async\" src=\"https:\/\/www.pomisna.info\/wp-content\/uploads\/2022\/09\/dsc_4153.jpg\" alt=\"\"\/><\/figure>\n<\/div>\n\n<div class=\"wp-block-image\">\n<figure class=\"aligncenter size-large\"><img decoding=\"async\" src=\"https:\/\/www.pomisna.info\/wp-content\/uploads\/2022\/09\/dsc_4164.jpg\" alt=\"\"\/><\/figure>\n<\/div>\n\n<div class=\"wp-block-image\">\n<figure class=\"aligncenter size-large\"><img decoding=\"async\" src=\"https:\/\/www.pomisna.info\/wp-content\/uploads\/2022\/09\/dsc_4167.jpg\" alt=\"\"\/><\/figure>\n<\/div>\n\n<div class=\"wp-block-image\">\n<figure class=\"aligncenter size-large\"><img decoding=\"async\" src=\"https:\/\/www.pomisna.info\/wp-content\/uploads\/2022\/09\/dsc_4169.jpg\" alt=\"\"\/><\/figure>\n<\/div>\n\n<div class=\"wp-block-image\">\n<figure class=\"aligncenter size-large\"><img decoding=\"async\" src=\"https:\/\/www.pomisna.info\/wp-content\/uploads\/2022\/09\/dsc_4201.jpg\" alt=\"\"\/><\/figure>\n<\/div>\n\n<div class=\"wp-block-image\">\n<figure class=\"aligncenter size-large\"><img decoding=\"async\" src=\"https:\/\/www.pomisna.info\/wp-content\/uploads\/2022\/09\/dsc_4218.jpg\" alt=\"\"\/><\/figure>\n<\/div>\n\n<div class=\"wp-block-image\">\n<figure class=\"aligncenter size-large\"><img decoding=\"async\" src=\"https:\/\/www.pomisna.info\/wp-content\/uploads\/2022\/09\/dsc_4230.jpg\" alt=\"\"\/><\/figure>\n<\/div>\n\n<div class=\"wp-block-image\">\n<figure class=\"aligncenter size-large\"><img decoding=\"async\" src=\"https:\/\/www.pomisna.info\/wp-content\/uploads\/2022\/09\/dsc_4246.jpg\" alt=\"\"\/><\/figure>\n<\/div>\n\n<div class=\"wp-block-image\">\n<figure class=\"aligncenter size-large\"><img decoding=\"async\" src=\"https:\/\/www.pomisna.info\/wp-content\/uploads\/2022\/09\/dsc_4331-2048x1367.jpg\" alt=\"\"\/><\/figure>\n<\/div>\n\n<div class=\"wp-block-image\">\n<figure class=\"aligncenter size-large\"><img decoding=\"async\" src=\"https:\/\/www.pomisna.info\/wp-content\/uploads\/2022\/09\/dsc_4353-2048x1367.jpg\" alt=\"\"\/><\/figure>\n<\/div>\n\n<div class=\"wp-block-image\">\n<figure class=\"aligncenter size-large\"><img decoding=\"async\" src=\"https:\/\/www.pomisna.info\/wp-content\/uploads\/2022\/09\/dsc_4373-2048x1367.jpg\" alt=\"\"\/><\/figure>\n<\/div>","protected":false},"excerpt":{"rendered":"<p>El 5 de septiembre de 2022, al final del agitado tercer d\u00eda de la visita oficial del Primado de la Iglesia Ortodoxa de Ucrania a Grecia, tuvo lugar una serie de actos en los que particip\u00f3 Su Beatitud Epifan\u00edo Metropolita de Kyiv y Toda Ucrania. junto con el patriarca ecum\u00e9nico Bartolom\u00e9. Despu\u00e9s del servicio de [&hellip;]<\/p>\n","protected":false},"author":1,"featured_media":145,"comment_status":"closed","ping_status":"closed","sticky":false,"template":"","format":"standard","meta":{"om_disable_all_campaigns":false,"_monsterinsights_skip_tracking":false,"_monsterinsights_sitenote_active":false,"_monsterinsights_sitenote_note":"","_monsterinsights_sitenote_category":0,"_s2mail":"","footnotes":""},"categories":[2],"tags":[],"class_list":["post-1025","post","type-post","status-publish","format-standard","has-post-thumbnail","hentry","category-noticias"],"aioseo_notices":[],"_links":{"self":[{"href":"https:\/\/orthodoxs.org\/index.php?rest_route=\/wp\/v2\/posts\/1025","targetHints":{"allow":["GET"]}}],"collection":[{"href":"https:\/\/orthodoxs.org\/index.php?rest_route=\/wp\/v2\/posts"}],"about":[{"href":"https:\/\/orthodoxs.org\/index.php?rest_route=\/wp\/v2\/types\/post"}],"author":[{"embeddable":true,"href":"https:\/\/orthodoxs.org\/index.php?rest_route=\/wp\/v2\/users\/1"}],"replies":[{"embeddable":true,"href":"https:\/\/orthodoxs.org\/index.php?rest_route=%2Fwp%2Fv2%2Fcomments&post=1025"}],"version-history":[{"count":1,"href":"https:\/\/orthodoxs.org\/index.php?rest_route=\/wp\/v2\/posts\/1025\/revisions"}],"predecessor-version":[{"id":1026,"href":"https:\/\/orthodoxs.org\/index.php?rest_route=\/wp\/v2\/posts\/1025\/revisions\/1026"}],"wp:featuredmedia":[{"embeddable":true,"href":"https:\/\/orthodoxs.org\/index.php?rest_route=\/wp\/v2\/media\/145"}],"wp:attachment":[{"href":"https:\/\/orthodoxs.org\/index.php?rest_route=%2Fwp%2Fv2%2Fmedia&parent=1025"}],"wp:term":[{"taxonomy":"category","embeddable":true,"href":"https:\/\/orthodoxs.org\/index.php?rest_route=%2Fwp%2Fv2%2Fcategories&post=1025"},{"taxonomy":"post_tag","embeddable":true,"href":"https:\/\/orthodoxs.org\/index.php?rest_route=%2Fwp%2Fv2%2Ftags&post=1025"}],"curies":[{"name":"wp","href":"https:\/\/api.w.org\/{rel}","templated":true}]}}